{"id":2729,"date":"2026-08-08T20:08:43","date_gmt":"2026-08-08T19:08:43","guid":{"rendered":"https:\/\/nublo.tv\/?p=2729"},"modified":"2026-08-08T20:08:43","modified_gmt":"2026-08-08T19:08:43","slug":"el-gobierno-da-por-finalizada-la-situacion-de-prealerta-por-temperaturas-maximas-en-canarias","status":"publish","type":"post","link":"https:\/\/nublo.tv\/index.php\/2026\/08\/08\/el-gobierno-da-por-finalizada-la-situacion-de-prealerta-por-temperaturas-maximas-en-canarias\/","title":{"rendered":"El Gobierno da por finalizada la situaci\u00f3n de prealerta por temperaturas m\u00e1ximas en Canarias"},"content":{"rendered":"<p>El Gobierno de Canarias, a trav\u00e9s de la Direcci\u00f3n General de Emergencias, finaliza la situaci\u00f3n de prealerta por temperaturas m\u00e1ximas en el archipi\u00e9lago a partir de las 21:00 horas de hoy, s\u00e1bado 8 de agosto.\u00a0 Esta decisi\u00f3n se toma teniendo en cuenta la informaci\u00f3n facilitada por la Agencia Estatal de Meteorolog\u00eda y otras fuentes disponibles, y en aplicaci\u00f3n del Plan Espec\u00edfico de Emergencias de Canarias por Riesgos de Fen\u00f3menos Meteorol\u00f3gicos Adversos (PEFMA).<\/p>\n<p><strong>\u00c1mbito territorial:\u00a0<\/strong><br \/>\nComunidad aut\u00f3noma de Canarias<\/p>\n<p><strong>Observaciones:<\/strong><br \/>\nAl haber terminado las condiciones meteorol\u00f3gicas que justificaron la declaraci\u00f3n de la situaci\u00f3n de prealerta, se da por finalizada la misma.<\/p>\n","protected":false},"excerpt":{"rendered":"<p>El Gobierno de Canarias, a trav\u00e9s de la Direcci\u00f3n General de Emergencias, finaliza la situaci\u00f3n de prealerta por temperaturas m\u00e1ximas en el archipi\u00e9lago a partir de las 21:00 horas de&hellip;<\/p>\n","protected":false},"author":1,"featured_media":2730,"comment_status":"open","ping_status":"open","sticky":false,"template":"","format":"standard","meta":{"wpai_generated_summary":"","wpai_meta_description":"","footnotes":""},"categories":[121],"tags":[],"class_list":["post-2729","post","type-post","status-publish","format-standard","has-post-thumbnail","hentry","category-noticias"],"_links":{"self":[{"href":"https:\/\/nublo.tv\/index.php\/wp-json\/wp\/v2\/posts\/2729","targetHints":{"allow":["GET"]}}],"collection":[{"href":"https:\/\/nublo.tv\/index.php\/wp-json\/wp\/v2\/posts"}],"about":[{"href":"https:\/\/nublo.tv\/index.php\/wp-json\/wp\/v2\/types\/post"}],"author":[{"embeddable":true,"href":"https:\/\/nublo.tv\/index.php\/wp-json\/wp\/v2\/users\/1"}],"replies":[{"embeddable":true,"href":"https:\/\/nublo.tv\/index.php\/wp-json\/wp\/v2\/comments?post=2729"}],"version-history":[{"count":1,"href":"https:\/\/nublo.tv\/index.php\/wp-json\/wp\/v2\/posts\/2729\/revisions"}],"predecessor-version":[{"id":2735,"href":"https:\/\/nublo.tv\/index.php\/wp-json\/wp\/v2\/posts\/2729\/revisions\/2735"}],"wp:featuredmedia":[{"embeddable":true,"href":"https:\/\/nublo.tv\/index.php\/wp-json\/wp\/v2\/media\/2730"}],"wp:attachment":[{"href":"https:\/\/nublo.tv\/index.php\/wp-json\/wp\/v2\/media?parent=2729"}],"wp:term":[{"taxonomy":"category","embeddable":true,"href":"https:\/\/nublo.tv\/index.php\/wp-json\/wp\/v2\/categories?post=2729"},{"taxonomy":"post_tag","embeddable":true,"href":"https:\/\/nublo.tv\/index.php\/wp-json\/wp\/v2\/tags?post=2729"}],"curies":[{"name":"wp","href":"https:\/\/api.w.org\/{rel}","templated":true}]}}