{"id":2747,"date":"2026-08-09T09:31:43","date_gmt":"2026-08-09T08:31:43","guid":{"rendered":"https:\/\/nublo.tv\/?p=2747"},"modified":"2026-08-27T12:35:26","modified_gmt":"2026-08-27T11:35:26","slug":"la-noche-joven-reune-a-artistas-urbanos-y-del-panorama-musical-canario-en-una-de-las-grandes-citas-de-los-actos-festivos-de-las-fiestas-de-la-virgen","status":"publish","type":"post","link":"https:\/\/nublo.tv\/index.php\/2026\/08\/09\/la-noche-joven-reune-a-artistas-urbanos-y-del-panorama-musical-canario-en-una-de-las-grandes-citas-de-los-actos-festivos-de-las-fiestas-de-la-virgen\/","title":{"rendered":"La Noche Joven re\u00fane a artistas urbanos y del panorama musical canario en una de las grandes citas de los actos festivos de las Fiestas de la Virgen"},"content":{"rendered":"<p>Las Fiestas de la Virgen vivieron anoche una de sus principales citas musicales del programa festivo, con una gran asistencia de p\u00fablico que disfrut\u00f3 de una programaci\u00f3n centrada en los sonidos urbanos y electr\u00f3nicos.<\/p>\n<p>Con <strong>Ra\u00fal Clyde<\/strong> como cabeza de cartel, la noche comenz\u00f3 con la sesi\u00f3n de DJ Zegar, una figura presente en festivales y eventos musicales, que anim\u00f3 al p\u00fablico y dio paso a Christian Cuervo, que present\u00f3 su particular visi\u00f3n del reguet\u00f3n.<\/p>\n<p>El festival continu\u00f3 con <strong>Supersonikka<\/strong>, DJ y vocalista grancanaria vinculada tanto a la m\u00fasica electr\u00f3nica como a la organizaci\u00f3n de eventos m\u00fasico-culturales.<\/p>\n<p>La actuaci\u00f3n central de la Noche Joven comenz\u00f3 rozando la una de la madrugada con el valenciano Ra\u00fal Clyde, el artista valenciano que se ha consolidado en los \u00faltimos a\u00f1os como uno de los nombres con mayor proyecci\u00f3n dentro del panorama urbano nacional. Esta gran cita musical termin\u00f3 con la actuaci\u00f3n de <strong>Evando Moreira<\/strong>, DJ con una extensa trayectoria en eventos y proyectos musicales de Canarias.<\/p>\n<p>El alcalde y responsable del \u00e1rea de Festejos, Alfredo Gon\u00e7alves Ferreira, agradeci\u00f3 \u00abesta incre\u00edble acogida, un a\u00f1o m\u00e1s, de la Noche Joven, una cita que disfrutan much\u00edsimo las y los j\u00f3venes, no s\u00f3lo de Gu\u00eda, sino de toda la isla\u00bb y record\u00f3 la gratuidad de todos los eventos del programa de las Fiestas Mayores \u00abporque las fiestas patronales son del pueblo y debe disfrutarlas el pueblo sin que la econom\u00eda familiar sea un obst\u00e1culo\u00bb.<\/p>\n<p>La Noche Joven est\u00e1 consolidada como una de las citas multitudinarias del programa, como antesala de los d\u00edas centrales de las Fiestas de la Virgen, que entran ya en la semana grande de sus actos festivos.<\/p>\n","protected":false},"excerpt":{"rendered":"<p>Las Fiestas de la Virgen vivieron anoche una de sus principales citas musicales del programa festivo, con una gran asistencia de p\u00fablico que disfrut\u00f3 de una programaci\u00f3n centrada en los&hellip;<\/p>\n","protected":false},"author":1,"featured_media":2748,"comment_status":"open","ping_status":"open","sticky":false,"template":"","format":"standard","meta":{"wpai_generated_summary":"","wpai_meta_description":"","footnotes":""},"categories":[138],"tags":[],"class_list":["post-2747","post","type-post","status-publish","format-standard","has-post-thumbnail","hentry","category-ayuntamiento-de-santa-maria-de-guia"],"_links":{"self":[{"href":"https:\/\/nublo.tv\/index.php\/wp-json\/wp\/v2\/posts\/2747","targetHints":{"allow":["GET"]}}],"collection":[{"href":"https:\/\/nublo.tv\/index.php\/wp-json\/wp\/v2\/posts"}],"about":[{"href":"https:\/\/nublo.tv\/index.php\/wp-json\/wp\/v2\/types\/post"}],"author":[{"embeddable":true,"href":"https:\/\/nublo.tv\/index.php\/wp-json\/wp\/v2\/users\/1"}],"replies":[{"embeddable":true,"href":"https:\/\/nublo.tv\/index.php\/wp-json\/wp\/v2\/comments?post=2747"}],"version-history":[{"count":1,"href":"https:\/\/nublo.tv\/index.php\/wp-json\/wp\/v2\/posts\/2747\/revisions"}],"predecessor-version":[{"id":2749,"href":"https:\/\/nublo.tv\/index.php\/wp-json\/wp\/v2\/posts\/2747\/revisions\/2749"}],"wp:featuredmedia":[{"embeddable":true,"href":"https:\/\/nublo.tv\/index.php\/wp-json\/wp\/v2\/media\/2748"}],"wp:attachment":[{"href":"https:\/\/nublo.tv\/index.php\/wp-json\/wp\/v2\/media?parent=2747"}],"wp:term":[{"taxonomy":"category","embeddable":true,"href":"https:\/\/nublo.tv\/index.php\/wp-json\/wp\/v2\/categories?post=2747"},{"taxonomy":"post_tag","embeddable":true,"href":"https:\/\/nublo.tv\/index.php\/wp-json\/wp\/v2\/tags?post=2747"}],"curies":[{"name":"wp","href":"https:\/\/api.w.org\/{rel}","templated":true}]}}