{"id":2754,"date":"2026-08-09T21:09:44","date_gmt":"2026-08-09T20:09:44","guid":{"rendered":"https:\/\/nublo.tv\/?p=2754"},"modified":"2026-08-27T12:35:26","modified_gmt":"2026-08-27T11:35:26","slug":"la-fiesta-canaria-de-agaete-confirma-su-exito-con-todas-las-mesas-llenas-y-una-gran-ofrenda-solidaria","status":"publish","type":"post","link":"https:\/\/nublo.tv\/index.php\/2026\/08\/09\/la-fiesta-canaria-de-agaete-confirma-su-exito-con-todas-las-mesas-llenas-y-una-gran-ofrenda-solidaria\/","title":{"rendered":"La Fiesta Canaria de Agaete confirma su \u00e9xito con todas las mesas llenas y una gran ofrenda solidaria"},"content":{"rendered":"<p>Agaete se ha vestido de canariedad para lucir orgulloso y con lleno en la Plaza de la Constituci\u00f3n su identidad isle\u00f1a. Las fiestas en honor a Nuestra Se\u00f1ora de Las Nieves han convocado a vecinos\/as y visitantes a celebrar desde la tradici\u00f3n, con una gran ofrenda solidaria, folclore, el mejor ambiente en una gran noche de encuentro colectivo.<\/p>\n<p>La Fiesta Canaria y Baile de Taifa, en su segunda edici\u00f3n con el nuevo formato, ha conseguido batir nuevo r\u00e9cord de participaci\u00f3n y consolidarse como una de las grandes citas de encuentro y celebraci\u00f3n de las tradiciones canarias en la Villa. Grupos, familias, amigos\/as, compa\u00f1eros\/as y colectivos de todo tipo han colmado la plaza y las calles aleda\u00f1as de vida y tradici\u00f3n, con un gran encuentro para grandes y peque\u00f1os\/as en torno a la m\u00fasica, el baile, la gastronom\u00eda, la tradici\u00f3n y el sentimiento de pertenencia.<\/p>\n<p>El \u00e9xito de convocatoria confirma la buena acogida del nuevo formato, que en apenas dos ediciones ha conseguido crecer y reunir a un n\u00famero cada vez mayor de participantes. La imagen de la plaza llena, con las mesas y los grupos compartiendo la velada, ha alargado la tarde y noche en una cita pensada para celebrar, recuperar y poner en valor las costumbres y la identidad de Canarias.<\/p>\n<p>La m\u00fasica tradicional fue una de los grandes protagonistas de la noche gracias al ritmo de A. F. Berbique, Parranda P\u2019alante y Parranda La Polvajera, que marcaron el paso en la plaza en una tarde din\u00e1mica donde el baile tom\u00f3 el centro del casco de Agaete en un ambiente cercano y festivo que se prolong\u00f3 varias horas.<\/p>\n<p>Ni\u00f1os\/as, j\u00f3venes, adultos y mayores participaron juntos en una celebraci\u00f3n que demuestra que las ra\u00edces culturales de la Villa siguen vivas y encuentran nuevos espacios para transmitirse de generaci\u00f3n en generaci\u00f3n.<\/p>\n<p>Una ofrenda ejemplo de solidaridad<\/p>\n<p>Esta celebraci\u00f3n tiene un importante componente solidario y en \u00e9l, su raz\u00f3n de ser. La ofrenda a Nuestra Se\u00f1ora de las Nieves ha vuelto a contar con una respuesta generosa de vecinos\/as y visitantes, que han ofrecido a la Virgen productos de la tierra y de la rica cosecha de Agaete. Papas, hortalizas, racimos de pl\u00e1tanos, productos de primera necesidad, frutos de la tierra, pasta, leche, aceite, arroz, conservas y otros alimentos han sido ejemplo de la generosidad de un pueblo, que respondi\u00f3 con creces a la llamada solidaria para reunir una importante cantidad de productos que ser\u00e1n destinados a personas y familias en situaci\u00f3n de vulnerabilidad de la isla.<\/p>\n<p>La ofrenda estuvo acompa\u00f1ada por la imagen de Nuestra Se\u00f1ora de las Nieves, que presidi\u00f3 la entrada de la iglesia, arropada por las agrupaciones participantes y por vecinos y vecinas en una estampa que uni\u00f3 devoci\u00f3n, tradici\u00f3n y solidaridad.<\/p>\n","protected":false},"excerpt":{"rendered":"<p>Agaete se ha vestido de canariedad para lucir orgulloso y con lleno en la Plaza de la Constituci\u00f3n su identidad isle\u00f1a.<\/p>\n","protected":false},"author":1,"featured_media":0,"comment_status":"open","ping_status":"open","sticky":false,"template":"","format":"standard","meta":{"wpai_generated_summary":"","wpai_meta_description":"","footnotes":""},"categories":[124],"tags":[],"class_list":["post-2754","post","type-post","status-publish","format-standard","hentry","category-ayuntamiento-de-agaete"],"_links":{"self":[{"href":"https:\/\/nublo.tv\/index.php\/wp-json\/wp\/v2\/posts\/2754","targetHints":{"allow":["GET"]}}],"collection":[{"href":"https:\/\/nublo.tv\/index.php\/wp-json\/wp\/v2\/posts"}],"about":[{"href":"https:\/\/nublo.tv\/index.php\/wp-json\/wp\/v2\/types\/post"}],"author":[{"embeddable":true,"href":"https:\/\/nublo.tv\/index.php\/wp-json\/wp\/v2\/users\/1"}],"replies":[{"embeddable":true,"href":"https:\/\/nublo.tv\/index.php\/wp-json\/wp\/v2\/comments?post=2754"}],"version-history":[{"count":1,"href":"https:\/\/nublo.tv\/index.php\/wp-json\/wp\/v2\/posts\/2754\/revisions"}],"predecessor-version":[{"id":2759,"href":"https:\/\/nublo.tv\/index.php\/wp-json\/wp\/v2\/posts\/2754\/revisions\/2759"}],"wp:attachment":[{"href":"https:\/\/nublo.tv\/index.php\/wp-json\/wp\/v2\/media?parent=2754"}],"wp:term":[{"taxonomy":"category","embeddable":true,"href":"https:\/\/nublo.tv\/index.php\/wp-json\/wp\/v2\/categories?post=2754"},{"taxonomy":"post_tag","embeddable":true,"href":"https:\/\/nublo.tv\/index.php\/wp-json\/wp\/v2\/tags?post=2754"}],"curies":[{"name":"wp","href":"https:\/\/api.w.org\/{rel}","templated":true}]}}