{"id":2755,"date":"2026-08-09T21:09:52","date_gmt":"2026-08-09T20:09:52","guid":{"rendered":"https:\/\/nublo.tv\/?p=2755"},"modified":"2026-08-27T12:35:26","modified_gmt":"2026-08-27T11:35:26","slug":"el-billete-canario-para-la-copa-del-rey-ya-tiene-calendario-u-d-balos-y-at-u-guimar-miden-fuerzas","status":"publish","type":"post","link":"https:\/\/nublo.tv\/index.php\/2026\/08\/09\/el-billete-canario-para-la-copa-del-rey-ya-tiene-calendario-u-d-balos-y-at-u-guimar-miden-fuerzas\/","title":{"rendered":"El billete canario para la Copa del Rey ya tiene calendario: U.D. Balos y At. U. G\u00fc\u00edmar miden fuerzas"},"content":{"rendered":"<p>La Federaci\u00f3n Canaria de F\u00fatbol ha confirmado de manera oficial los detalles organizativos para el cruce auton\u00f3mico de la Copa de S.M. el Rey 2026\/27. Un choque directo de m\u00e1xima intensidad entre la U.D. Balos (campe\u00f3n procedente de la Copa Jos\u00e9 Antonio Ruiz Caballero) y el At. U. G\u00fc\u00edmar (representante de la Copa Heliodoro), quienes pelear\u00e1n por dar el salto a la fase previa nacional.<\/p>\n<p>La batalla por la plaza copera se decidir\u00e1 en 180 minutos repartidos de la siguiente forma:<\/p>\n<p>Encuentro de ida: U.D. Balos vs. At. U. G\u00fc\u00edmar<br \/>\nFecha: S\u00e1bado, 8 de agosto de 2026<br \/>\nHora: 18:00 h<br \/>\nEscenario: Campo Municipal de F\u00fatbol Balos-Momo Cabrera (Santa Luc\u00eda de Tirajana)<br \/>\nEncuentro de vuelta: At. U. G\u00fc\u00edmar vs. U.D. Balos<br \/>\nFecha: S\u00e1bado, 15 de agosto de 2026<br \/>\nHora: 18:00 h<br \/>\nEscenario: Estadio Municipal Tasagaya-Jos\u00e9 Ramos (G\u00fc\u00edmar)<br \/>\n(Recordatorio: los se\u00f1alamientos horarios y fechas est\u00e1n sujetos a eventuales modificaciones organizativas).<\/p>\n<p>Desde el ente federativo auton\u00f3mico se ha querido trasladar el mayor de los \u00e9xitos a ambos contendientes, augurando una eliminatoria vibrante, caracterizada por la deportividad y el gran ambiente futbol\u00edstico que se vivir\u00e1 tanto en Gran Canaria como en Tenerife.<\/p>\n","protected":false},"excerpt":{"rendered":"<p>Gran Canaria y Tenerife se miden en una eliminatoria auton\u00f3mica a doble partido en busca de la previa del torneo copero &#8211; Federaci\u00f3n de F\u00fatbol de Las Palmas<\/p>\n","protected":false},"author":1,"featured_media":2756,"comment_status":"open","ping_status":"open","sticky":false,"template":"","format":"standard","meta":{"wpai_generated_summary":"","wpai_meta_description":"","footnotes":""},"categories":[122],"tags":[],"class_list":["post-2755","post","type-post","status-publish","format-standard","has-post-thumbnail","hentry","category-deportes"],"_links":{"self":[{"href":"https:\/\/nublo.tv\/index.php\/wp-json\/wp\/v2\/posts\/2755","targetHints":{"allow":["GET"]}}],"collection":[{"href":"https:\/\/nublo.tv\/index.php\/wp-json\/wp\/v2\/posts"}],"about":[{"href":"https:\/\/nublo.tv\/index.php\/wp-json\/wp\/v2\/types\/post"}],"author":[{"embeddable":true,"href":"https:\/\/nublo.tv\/index.php\/wp-json\/wp\/v2\/users\/1"}],"replies":[{"embeddable":true,"href":"https:\/\/nublo.tv\/index.php\/wp-json\/wp\/v2\/comments?post=2755"}],"version-history":[{"count":1,"href":"https:\/\/nublo.tv\/index.php\/wp-json\/wp\/v2\/posts\/2755\/revisions"}],"predecessor-version":[{"id":2761,"href":"https:\/\/nublo.tv\/index.php\/wp-json\/wp\/v2\/posts\/2755\/revisions\/2761"}],"wp:featuredmedia":[{"embeddable":true,"href":"https:\/\/nublo.tv\/index.php\/wp-json\/wp\/v2\/media\/2756"}],"wp:attachment":[{"href":"https:\/\/nublo.tv\/index.php\/wp-json\/wp\/v2\/media?parent=2755"}],"wp:term":[{"taxonomy":"category","embeddable":true,"href":"https:\/\/nublo.tv\/index.php\/wp-json\/wp\/v2\/categories?post=2755"},{"taxonomy":"post_tag","embeddable":true,"href":"https:\/\/nublo.tv\/index.php\/wp-json\/wp\/v2\/tags?post=2755"}],"curies":[{"name":"wp","href":"https:\/\/api.w.org\/{rel}","templated":true}]}}