{"id":2757,"date":"2026-08-09T21:09:49","date_gmt":"2026-08-09T20:09:49","guid":{"rendered":"https:\/\/nublo.tv\/?p=2757"},"modified":"2026-08-27T12:35:26","modified_gmt":"2026-08-27T11:35:26","slug":"el-gobierno-de-canarias-finaliza-la-situacion-de-alerta-por-riesgo-de-incendios-forestales-en-las-islas","status":"publish","type":"post","link":"https:\/\/nublo.tv\/index.php\/2026\/08\/09\/el-gobierno-de-canarias-finaliza-la-situacion-de-alerta-por-riesgo-de-incendios-forestales-en-las-islas\/","title":{"rendered":"El Gobierno de Canarias finaliza la situaci\u00f3n de alerta por riesgo de incendios forestales en las islas"},"content":{"rendered":"<p>El Gobierno de Canarias, a trav\u00e9s de la Direcci\u00f3n General de Emergencias, finaliza la situaci\u00f3n de alerta por riesgo de incendios forestales en las islas a partir de las 08:00 horas de ma\u00f1ana lunes 10 de agosto.<\/p>\n<p>Esta decisi\u00f3n se adopta teniendo en cuenta la informaci\u00f3n facilitada por la Agencia Estatal de Meteorolog\u00eda y otras fuentes disponibles, y en aplicaci\u00f3n del Plan Especial de Protecci\u00f3n Civil y Atenci\u00f3n de Emergencias por Incendios Forestales de la Comunidad Aut\u00f3noma de Canarias (INFOCA).<\/p>\n<p><strong>\u00c1mbito territorial:<\/strong><\/p>\n<p>Las islas de El Hierro, La Gomera y La Palma, el sector sur de Tenerife y Gran Canaria a partir de la cota 400.<\/p>\n<p><strong>Observaciones:<\/strong><\/p>\n<p>Finalizaci\u00f3n del episodio de calor.<\/p>\n<p>Se mantiene en vigor la declaraci\u00f3n de prealerta por riesgo de incendios forestales emitida el 1 de junio de 2026 conforme establece el apartado 2.10 del INFOCA (Declaraci\u00f3n 02\/2026\/INFOCA).<\/p>\n","protected":false},"excerpt":{"rendered":"<p>El Gobierno de Canarias, a trav\u00e9s de la Direcci\u00f3n General de Emergencias, finaliza la situaci\u00f3n de alerta por riesgo de incendios forestales en las islas a partir de las 08:00&hellip;<\/p>\n","protected":false},"author":1,"featured_media":2758,"comment_status":"open","ping_status":"open","sticky":false,"template":"","format":"standard","meta":{"wpai_generated_summary":"","wpai_meta_description":"","footnotes":""},"categories":[121],"tags":[],"class_list":["post-2757","post","type-post","status-publish","format-standard","has-post-thumbnail","hentry","category-noticias"],"_links":{"self":[{"href":"https:\/\/nublo.tv\/index.php\/wp-json\/wp\/v2\/posts\/2757","targetHints":{"allow":["GET"]}}],"collection":[{"href":"https:\/\/nublo.tv\/index.php\/wp-json\/wp\/v2\/posts"}],"about":[{"href":"https:\/\/nublo.tv\/index.php\/wp-json\/wp\/v2\/types\/post"}],"author":[{"embeddable":true,"href":"https:\/\/nublo.tv\/index.php\/wp-json\/wp\/v2\/users\/1"}],"replies":[{"embeddable":true,"href":"https:\/\/nublo.tv\/index.php\/wp-json\/wp\/v2\/comments?post=2757"}],"version-history":[{"count":1,"href":"https:\/\/nublo.tv\/index.php\/wp-json\/wp\/v2\/posts\/2757\/revisions"}],"predecessor-version":[{"id":2760,"href":"https:\/\/nublo.tv\/index.php\/wp-json\/wp\/v2\/posts\/2757\/revisions\/2760"}],"wp:featuredmedia":[{"embeddable":true,"href":"https:\/\/nublo.tv\/index.php\/wp-json\/wp\/v2\/media\/2758"}],"wp:attachment":[{"href":"https:\/\/nublo.tv\/index.php\/wp-json\/wp\/v2\/media?parent=2757"}],"wp:term":[{"taxonomy":"category","embeddable":true,"href":"https:\/\/nublo.tv\/index.php\/wp-json\/wp\/v2\/categories?post=2757"},{"taxonomy":"post_tag","embeddable":true,"href":"https:\/\/nublo.tv\/index.php\/wp-json\/wp\/v2\/tags?post=2757"}],"curies":[{"name":"wp","href":"https:\/\/api.w.org\/{rel}","templated":true}]}}