{"id":276,"date":"2026-08-04T17:35:23","date_gmt":"2026-08-04T16:35:23","guid":{"rendered":"https:\/\/nublo.tv\/?p=276"},"modified":"2026-08-04T17:35:23","modified_gmt":"2026-08-04T16:35:23","slug":"telde-incorpora-un-nuevo-espacio-de-entrenamiento-deportivo-y-bienestar-con-la-apertura-de-b-fit-en-san-gregorio","status":"publish","type":"post","link":"https:\/\/nublo.tv\/index.php\/2026\/08\/04\/telde-incorpora-un-nuevo-espacio-de-entrenamiento-deportivo-y-bienestar-con-la-apertura-de-b-fit-en-san-gregorio\/","title":{"rendered":"Telde incorpora un nuevo espacio de entrenamiento deportivo y bienestar con la apertura de B-Fit en San Gregorio"},"content":{"rendered":"<p align=\"justify\"><strong>Telde, a 28 de julio de 2026.<\/strong> El alcalde de Telde, Juan Antonio Pe\u00f1a, visit\u00f3 recientemente las instalaciones de B-Fit, un nuevo espacio deportivo que abre sus puertas en la calle Arnao, n\u00famero 1, en el entorno de la Zona Comercial Abierta de San Gregorio, con una propuesta centrada en la actividad f\u00edsica, el bienestar y el cuidado integral de las personas.<\/p>\n<p align=\"justify\">El proyecto est\u00e1 impulsado por los j\u00f3venes emprendedores Borja M\u00e9ndez y Jorge Ramos, profesionales con experiencia y formaci\u00f3n vinculada al \u00e1mbito de la actividad f\u00edsica y la salud, que han apostado por poner en marcha su propio negocio en Telde con el objetivo de acompa\u00f1ar a personas de todas las edades en la incorporaci\u00f3n del movimiento y el ejercicio a su vida cotidiana.<\/p>\n<p align=\"justify\">B-Fit se presenta bajo el lema <strong>\u201cCambiar vidas a trav\u00e9s del movimiento\u201d<\/strong> y ofrece una propuesta especializada en entrenamiento funcional, HIIT y bienestar cuerpo-mente, con programas orientados a mejorar la condici\u00f3n f\u00edsica y fomentar h\u00e1bitos de vida saludables desde una perspectiva integral y adaptada a las necesidades de cada persona.<\/p>\n<p align=\"justify\">Durante la visita, el alcalde pudo conocer de primera mano un espacio que ha sido completamente reformado por sus propios promotores, quienes han afrontado con ilusi\u00f3n y esfuerzo la transformaci\u00f3n del local para convertirlo en un centro deportivo moderno, bien equipado y acogedor.<\/p>\n<p align=\"justify\">Juan Antonio Pe\u00f1a traslad\u00f3 a Borja M\u00e9ndez y Jorge Ramos sus mejores deseos para esta nueva etapa y puso en valor <strong>\u201cla valent\u00eda y la ilusi\u00f3n de quienes, especialmente los j\u00f3venes, deciden emprender y apostar por Telde para desarrollar sus proyectos profesionales\u201d<\/strong>. El alcalde destac\u00f3 que <strong>\u201ccada nuevo negocio que abre sus puertas contribuye a seguir haciendo crecer nuestro tejido empresarial y comercial, dinamizando nuestros barrios y ampliando la oferta de servicios de la ciudad\u201d.<\/strong><\/p>\n<p align=\"justify\">El primer edil anim\u00f3 asimismo a la ciudadan\u00eda a conocer este nuevo proyecto y destac\u00f3 la importancia de que \u201c<strong>espacios como B-Fit apuesten por el bienestar y la salud y ofrezcan alternativas para que personas de todas las edades puedan cuidarse, mantenerse activas y mejorar su calidad de vida\u201d.<\/strong><\/p>\n<p align=\"justify\">B-Fit celebrar\u00e1 este s\u00e1bado, 1 de agosto, su apertura oficial, con una jornada de puertas abiertas a la que invita a toda la ciudadan\u00eda para conocer el nuevo espacio, al equipo y el proyecto que se pone en marcha desde San Gregorio.<\/p>\n<p align=\"justify\">La actividad tendr\u00e1 lugar de 10.00 a 12.00 horas y contar\u00e1 con m\u00fasica de ambiente y un picoteo\/desayuno saludable, en una jornada dise\u00f1ada para que los asistentes puedan descubrir las instalaciones y conocer de cerca la filosof\u00eda del centro.<\/p>\n<p align=\"justify\"><strong>\u201cQueremos que sea una ma\u00f1ana para compartir, conocer nuestro espacio y descubrir todo lo que podemos ofrecer. Un nuevo lugar para moverse, cuidarse y transformar la vida a trav\u00e9s del ejercicio\u201d,<\/strong> explican sus impulsores.<\/p>\n<p align=\"justify\">Con esta apertura, B-Fit se incorpora al tejido empresarial de Telde con el prop\u00f3sito de consolidarse como un espacio de referencia para la actividad f\u00edsica y el bienestar, y de crecer junto a la ciudad y sus vecinos y vecinas.<\/p>\n<p align=\"justify\">El Ayuntamiento de Telde felicita a Borja M\u00e9ndez y Jorge Ramos por su iniciativa y les desea todos los \u00e9xitos en esta nueva etapa, reafirmando su compromiso con el acompa\u00f1amiento y respaldo al emprendimiento y a las nuevas iniciativas empresariales que contribuyen al crecimiento econ\u00f3mico y comercial del municipio.<\/p>\n","protected":false},"excerpt":{"rendered":"<p>Telde, a 28 de julio de 2026. El alcalde de Telde, Juan Antonio Pe\u00f1a, visit\u00f3 recientemente las instalaciones de B-Fit, un nuevo espacio deportivo que abre sus puertas en la&hellip;<\/p>\n","protected":false},"author":20,"featured_media":277,"comment_status":"open","ping_status":"open","sticky":false,"template":"","format":"standard","meta":{"wpai_generated_summary":"","wpai_meta_description":"","footnotes":""},"categories":[140],"tags":[],"class_list":["post-276","post","type-post","status-publish","format-standard","has-post-thumbnail","hentry","category-ayuntamiento-de-telde"],"_links":{"self":[{"href":"https:\/\/nublo.tv\/index.php\/wp-json\/wp\/v2\/posts\/276","targetHints":{"allow":["GET"]}}],"collection":[{"href":"https:\/\/nublo.tv\/index.php\/wp-json\/wp\/v2\/posts"}],"about":[{"href":"https:\/\/nublo.tv\/index.php\/wp-json\/wp\/v2\/types\/post"}],"author":[{"embeddable":true,"href":"https:\/\/nublo.tv\/index.php\/wp-json\/wp\/v2\/users\/20"}],"replies":[{"embeddable":true,"href":"https:\/\/nublo.tv\/index.php\/wp-json\/wp\/v2\/comments?post=276"}],"version-history":[{"count":1,"href":"https:\/\/nublo.tv\/index.php\/wp-json\/wp\/v2\/posts\/276\/revisions"}],"predecessor-version":[{"id":536,"href":"https:\/\/nublo.tv\/index.php\/wp-json\/wp\/v2\/posts\/276\/revisions\/536"}],"wp:featuredmedia":[{"embeddable":true,"href":"https:\/\/nublo.tv\/index.php\/wp-json\/wp\/v2\/media\/277"}],"wp:attachment":[{"href":"https:\/\/nublo.tv\/index.php\/wp-json\/wp\/v2\/media?parent=276"}],"wp:term":[{"taxonomy":"category","embeddable":true,"href":"https:\/\/nublo.tv\/index.php\/wp-json\/wp\/v2\/categories?post=276"},{"taxonomy":"post_tag","embeddable":true,"href":"https:\/\/nublo.tv\/index.php\/wp-json\/wp\/v2\/tags?post=276"}],"curies":[{"name":"wp","href":"https:\/\/api.w.org\/{rel}","templated":true}]}}