{"id":2762,"date":"2026-08-10T08:41:17","date_gmt":"2026-08-10T07:41:17","guid":{"rendered":"https:\/\/nublo.tv\/?p=2762"},"modified":"2026-08-10T08:41:17","modified_gmt":"2026-08-10T07:41:17","slug":"cristian-gutierrez-cedido-al-cadiz-cf","status":"publish","type":"post","link":"https:\/\/nublo.tv\/index.php\/2026\/08\/10\/cristian-gutierrez-cedido-al-cadiz-cf\/","title":{"rendered":"Cristian Guti\u00e9rrez, cedido al C\u00e1diz CF"},"content":{"rendered":"<div><img decoding=\"async\" src=\"https:\/\/statics-maker.llt-services.com\/lpa\/images\/2026\/08\/09\/large\/5670caeb-5248-4c51-8a59-67825d4961dd-10.jpg\" style=\"width: 100%\" \/><\/p>\n<div>Cristian Guti\u00e9rrez Vizca\u00edno (30\/11\/2000, Marbella) jugar\u00e1 en el C\u00e1diz Club de F\u00fatbol, en calidad de cedido, hasta el final de la presente temporada. <\/p>\n<p>El jugador, que se sum\u00f3 a las filas de la UD Las Palmas en el  verano de la pasada temporada, disput\u00f3 17 encuentros y anot\u00f3 un gol con la camiseta amarilla. El lateral jugar\u00e1 en el conjunto gaditano hasta el 30 de junio de 2027, tras el acuerdo alcanzado entre todas las partes, que incluye una opci\u00f3n de compra no obligatoria.<\/p><\/div>\n<\/div>\n","protected":false},"excerpt":{"rendered":"<p>El lateral jugar\u00e1 en el conjunto gaditano hasta el 30 de junio de 2027, tras el acuerdo alcanzado entre todas las partes, que incluye una opci\u00f3n de compra no obligatoria.<\/p>\n","protected":false},"author":1,"featured_media":2763,"comment_status":"open","ping_status":"open","sticky":false,"template":"","format":"standard","meta":{"wpai_generated_summary":"","wpai_meta_description":"","footnotes":""},"categories":[122],"tags":[],"class_list":["post-2762","post","type-post","status-publish","format-standard","has-post-thumbnail","hentry","category-deportes"],"_links":{"self":[{"href":"https:\/\/nublo.tv\/index.php\/wp-json\/wp\/v2\/posts\/2762","targetHints":{"allow":["GET"]}}],"collection":[{"href":"https:\/\/nublo.tv\/index.php\/wp-json\/wp\/v2\/posts"}],"about":[{"href":"https:\/\/nublo.tv\/index.php\/wp-json\/wp\/v2\/types\/post"}],"author":[{"embeddable":true,"href":"https:\/\/nublo.tv\/index.php\/wp-json\/wp\/v2\/users\/1"}],"replies":[{"embeddable":true,"href":"https:\/\/nublo.tv\/index.php\/wp-json\/wp\/v2\/comments?post=2762"}],"version-history":[{"count":1,"href":"https:\/\/nublo.tv\/index.php\/wp-json\/wp\/v2\/posts\/2762\/revisions"}],"predecessor-version":[{"id":2797,"href":"https:\/\/nublo.tv\/index.php\/wp-json\/wp\/v2\/posts\/2762\/revisions\/2797"}],"wp:featuredmedia":[{"embeddable":true,"href":"https:\/\/nublo.tv\/index.php\/wp-json\/wp\/v2\/media\/2763"}],"wp:attachment":[{"href":"https:\/\/nublo.tv\/index.php\/wp-json\/wp\/v2\/media?parent=2762"}],"wp:term":[{"taxonomy":"category","embeddable":true,"href":"https:\/\/nublo.tv\/index.php\/wp-json\/wp\/v2\/categories?post=2762"},{"taxonomy":"post_tag","embeddable":true,"href":"https:\/\/nublo.tv\/index.php\/wp-json\/wp\/v2\/tags?post=2762"}],"curies":[{"name":"wp","href":"https:\/\/api.w.org\/{rel}","templated":true}]}}