{"id":2784,"date":"2026-08-10T08:41:11","date_gmt":"2026-08-10T07:41:11","guid":{"rendered":"https:\/\/nublo.tv\/?p=2784"},"modified":"2026-08-27T12:35:26","modified_gmt":"2026-08-27T11:35:26","slug":"matias-alonso-y-lili-quintana-protagonistas-del-festival-de-humor-xayo-en-recuerdo-del-humorista-y-activista-guiense","status":"publish","type":"post","link":"https:\/\/nublo.tv\/index.php\/2026\/08\/10\/matias-alonso-y-lili-quintana-protagonistas-del-festival-de-humor-xayo-en-recuerdo-del-humorista-y-activista-guiense\/","title":{"rendered":"Mat\u00edas Alonso y Lili Quintana, protagonistas del Festival de Humor Xayo en recuerdo del humorista y activista guiense"},"content":{"rendered":"<ul>\n<li><strong>Numeroso p\u00fablico llen\u00f3 la Plaza Grande un a\u00f1o m\u00e1s para compartir este encuentro que rinde homenaje al artista guiense que luch\u00f3 por los derechos del colectivo LGTBIQ+<\/strong><\/li>\n<\/ul>\n<p><strong>Gu\u00eda, 9 de agosto de 2026.-<\/strong> El <strong>Festival de Humor <em>Xayo<\/em><\/strong>, que se celebra desde 2019, reuni\u00f3 la noche de este domingo a un numeroso p\u00fablico para recordar al humorista y activista guiense por los derechos del colectivo LGTBIQ+. \u00a0En esta ocasi\u00f3n fueron Mat\u00edas Alonso y Lili Quintana los artistas encargados de hacer re\u00edr al p\u00fablico asistente a esta s\u00e9ptima edici\u00f3n de un acto que se ha convertido ya en uno de los m\u00e1s concurridos ya del programa de las fiestas de La Virgen.<\/p>\n<p>El festival, que cont\u00f3 con Kiko Barroso como maestro de ceremonias, comenz\u00f3 con el momento de recuerdo y reconocimiento a Pedro Moreno <em>Xayo<\/em> con la presencia sobre el escenario de la Plaza Grande del alcalde de Gu\u00eda, Alfredo Gon\u00e7alves Ferreira, y la hermana del homenajeado, Paca Moreno, en uno de los momentos m\u00e1s entra\u00f1ables de la velada.<\/p>\n<p>Durante su intervenci\u00f3n, Gon\u00e7alves Ferreira, visiblemente emocionado, puso en valor \u00aba esos referentes que tenemos en Gu\u00eda en la lucha de los derechos por la igualdad cuando todo era m\u00e1s dif\u00edcil\u00bb y manifest\u00f3 que \u00abadem\u00e1s de un homenaje a un gran humorista, esto es el recuerdo a aquellos que nos abrieron camino para una sociedad donde todas y todos podamos ser libres\u00bb.<\/p>\n<p>Fue entonces cuando Kiko Barroso dio paso a las actuaciones de Mat\u00edas Alonso y Lili Quintana, ambos veteranos y con una extensa trayectoria profesional sobre el escenario.<\/p>\n<h3 style=\"text-align: center\"><a href=\"https:\/\/www.flickr.com\/photos\/195490293@N07\/albums\/72177720335049010\/\" target=\"_blank\" rel=\"noopener\">GALER\u00cdA DE FOTOS<\/a><\/h3>\n","protected":false},"excerpt":{"rendered":"<p>Numeroso p\u00fablico llen\u00f3 la Plaza Grande un a\u00f1o m\u00e1s para compartir este encuentro que rinde homenaje al artista guiense que luch\u00f3 por los derechos del colectivo LGTBIQ+ Gu\u00eda, 9 de&hellip;<\/p>\n","protected":false},"author":1,"featured_media":2785,"comment_status":"open","ping_status":"open","sticky":false,"template":"","format":"standard","meta":{"wpai_generated_summary":"","wpai_meta_description":"","footnotes":""},"categories":[138],"tags":[],"class_list":["post-2784","post","type-post","status-publish","format-standard","has-post-thumbnail","hentry","category-ayuntamiento-de-santa-maria-de-guia"],"_links":{"self":[{"href":"https:\/\/nublo.tv\/index.php\/wp-json\/wp\/v2\/posts\/2784","targetHints":{"allow":["GET"]}}],"collection":[{"href":"https:\/\/nublo.tv\/index.php\/wp-json\/wp\/v2\/posts"}],"about":[{"href":"https:\/\/nublo.tv\/index.php\/wp-json\/wp\/v2\/types\/post"}],"author":[{"embeddable":true,"href":"https:\/\/nublo.tv\/index.php\/wp-json\/wp\/v2\/users\/1"}],"replies":[{"embeddable":true,"href":"https:\/\/nublo.tv\/index.php\/wp-json\/wp\/v2\/comments?post=2784"}],"version-history":[{"count":1,"href":"https:\/\/nublo.tv\/index.php\/wp-json\/wp\/v2\/posts\/2784\/revisions"}],"predecessor-version":[{"id":2786,"href":"https:\/\/nublo.tv\/index.php\/wp-json\/wp\/v2\/posts\/2784\/revisions\/2786"}],"wp:featuredmedia":[{"embeddable":true,"href":"https:\/\/nublo.tv\/index.php\/wp-json\/wp\/v2\/media\/2785"}],"wp:attachment":[{"href":"https:\/\/nublo.tv\/index.php\/wp-json\/wp\/v2\/media?parent=2784"}],"wp:term":[{"taxonomy":"category","embeddable":true,"href":"https:\/\/nublo.tv\/index.php\/wp-json\/wp\/v2\/categories?post=2784"},{"taxonomy":"post_tag","embeddable":true,"href":"https:\/\/nublo.tv\/index.php\/wp-json\/wp\/v2\/tags?post=2784"}],"curies":[{"name":"wp","href":"https:\/\/api.w.org\/{rel}","templated":true}]}}