{"id":2798,"date":"2026-08-10T19:16:52","date_gmt":"2026-08-10T18:16:52","guid":{"rendered":"https:\/\/nublo.tv\/?p=2798"},"modified":"2026-08-10T19:16:52","modified_gmt":"2026-08-10T18:16:52","slug":"musa-hija-de-la-musica-y-de-don-carnal-obra-de-ernesto-santana-y-nabil-concepcion-proyecta-la-imagen-del-carnaval","status":"publish","type":"post","link":"https:\/\/nublo.tv\/index.php\/2026\/08\/10\/musa-hija-de-la-musica-y-de-don-carnal-obra-de-ernesto-santana-y-nabil-concepcion-proyecta-la-imagen-del-carnaval\/","title":{"rendered":"&#8216;Musa&#8217;, hija de la m\u00fasica y de don Carnal, obra de Ernesto Santana y Nabil Concepci\u00f3n, proyecta la imagen del Carnaval"},"content":{"rendered":"<p>La cuenta atr\u00e1s para el Carnaval de \u00abLa m\u00fasica\u00bb ha comenzado esta noche de manera oficial.<\/p>\n","protected":false},"excerpt":{"rendered":"<p>La cuenta atr\u00e1s para el Carnaval de \u00abLa m\u00fasica\u00bb ha comenzado esta noche de manera oficial.<\/p>\n","protected":false},"author":1,"featured_media":2799,"comment_status":"open","ping_status":"open","sticky":false,"template":"","format":"standard","meta":{"wpai_generated_summary":"","wpai_meta_description":"","footnotes":""},"categories":[132],"tags":[],"class_list":["post-2798","post","type-post","status-publish","format-standard","has-post-thumbnail","hentry","category-ayuntamiento-de-las-palmas-de-gran-canaria"],"_links":{"self":[{"href":"https:\/\/nublo.tv\/index.php\/wp-json\/wp\/v2\/posts\/2798","targetHints":{"allow":["GET"]}}],"collection":[{"href":"https:\/\/nublo.tv\/index.php\/wp-json\/wp\/v2\/posts"}],"about":[{"href":"https:\/\/nublo.tv\/index.php\/wp-json\/wp\/v2\/types\/post"}],"author":[{"embeddable":true,"href":"https:\/\/nublo.tv\/index.php\/wp-json\/wp\/v2\/users\/1"}],"replies":[{"embeddable":true,"href":"https:\/\/nublo.tv\/index.php\/wp-json\/wp\/v2\/comments?post=2798"}],"version-history":[{"count":3,"href":"https:\/\/nublo.tv\/index.php\/wp-json\/wp\/v2\/posts\/2798\/revisions"}],"predecessor-version":[{"id":2981,"href":"https:\/\/nublo.tv\/index.php\/wp-json\/wp\/v2\/posts\/2798\/revisions\/2981"}],"wp:featuredmedia":[{"embeddable":true,"href":"https:\/\/nublo.tv\/index.php\/wp-json\/wp\/v2\/media\/2799"}],"wp:attachment":[{"href":"https:\/\/nublo.tv\/index.php\/wp-json\/wp\/v2\/media?parent=2798"}],"wp:term":[{"taxonomy":"category","embeddable":true,"href":"https:\/\/nublo.tv\/index.php\/wp-json\/wp\/v2\/categories?post=2798"},{"taxonomy":"post_tag","embeddable":true,"href":"https:\/\/nublo.tv\/index.php\/wp-json\/wp\/v2\/tags?post=2798"}],"curies":[{"name":"wp","href":"https:\/\/api.w.org\/{rel}","templated":true}]}}