{"id":280,"date":"2026-08-04T17:35:23","date_gmt":"2026-08-04T16:35:23","guid":{"rendered":"https:\/\/nublo.tv\/?p=280"},"modified":"2026-08-04T17:35:23","modified_gmt":"2026-08-04T16:35:23","slug":"telde-consolida-su-atractivo-como-escenario-de-grandes-producciones-audiovisuales-con-el-rodaje-de-el-ultimo-druida","status":"publish","type":"post","link":"https:\/\/nublo.tv\/index.php\/2026\/08\/04\/telde-consolida-su-atractivo-como-escenario-de-grandes-producciones-audiovisuales-con-el-rodaje-de-el-ultimo-druida\/","title":{"rendered":"Telde consolida su atractivo como escenario de grandes producciones audiovisuales con el rodaje de \u2018El \u00faltimo druida\u2019\u00a0"},"content":{"rendered":"<p align=\"justify\"><strong>Telde, a 28 de julio de 2026.<\/strong> Telde contin\u00faa consolid\u00e1ndose como uno de los municipios de referencia de Canarias para el desarrollo de producciones audiovisuales de gran formato. La ciudad vuelve a convertirse estos d\u00edas en escenario cinematogr\u00e1fico con el rodaje de El \u00faltimo druida, una gran producci\u00f3n que cuenta con el reconocido actor Russell Crowe como protagonista y que ha elegido distintos enclaves del litoral teldense, entre ellos Playa del Hombre y Hoya del Pozo, para el desarrollo de su filmaci\u00f3n.<\/p>\n<p align=\"justify\">El alcalde de Telde, Juan Antonio Pe\u00f1a, y la concejala de Playas, Mar\u00eda Calder\u00edn, visitaron durante la ma\u00f1ana de este martes el rodaje para dar la bienvenida a la producci\u00f3n y agradecer a la productora la elecci\u00f3n del municipio como escenario para este proyecto cinematogr\u00e1fico. La visita cont\u00f3 tambi\u00e9n con la presencia de Adri\u00e1n Guerra, fundador de Nostromo Pictures, productora responsable de la pel\u00edcula.<\/p>\n<p align=\"justify\">Durante el encuentro, los representantes municipales pudieron conocer de primera mano el importante despliegue t\u00e9cnico y humano que acompa\u00f1a a una producci\u00f3n de estas caracter\u00edsticas, con un amplio equipo de profesionales implicados y personas de diferentes nacionalidades trabajando conjuntamente en el rodaje.<\/p>\n<p align=\"justify\"><strong>\u201cEs un orgullo que producciones de esta dimensi\u00f3n vuelvan a mirar hacia Telde y encuentren en nuestros paisajes el escenario que necesitan para contar sus historias. Ver hoy en nuestra ciudad un equipo internacional de estas caracter\u00edsticas, con profesionales llegados de distintos lugares del mundo, trabajando en un proyecto protagonizado por una figura como Russell Crowe, demuestra el enorme potencial de Telde y supone una magn\u00edfica oportunidad para proyectar nuestro municipio m\u00e1s all\u00e1 de nuestras fronteras\u201d,<\/strong> se\u00f1al\u00f3 el alcalde.<\/p>\n<p align=\"justify\">Durante la visita, los representantes municipales pusieron en valor la elecci\u00f3n de Telde por parte de la industria audiovisual y destacaron la oportunidad que supone para la ciudad que sus paisajes, espacios naturales y enclaves emblem\u00e1ticos formen parte de grandes producciones que posteriormente tendr\u00e1n difusi\u00f3n nacional e internacional.<\/p>\n<p align=\"justify\">Asimismo, Pe\u00f1a destac\u00f3 que la actividad cinematogr\u00e1fica tambi\u00e9n genera un retorno para la ciudad, ya que las productoras abonan las correspondientes tasas municipales por la reserva y utilizaci\u00f3n de los espacios p\u00fablicos, al tiempo que contribuyen a promocionar los enclaves y paisajes de Telde ante millones de espectadores.<\/p>\n<p align=\"justify\">La llegada de El \u00faltimo druida se suma a otras producciones que en los \u00faltimos a\u00f1os han escogido el municipio como escenario de sus rodajes, como Vaya Vacaciones o Leones en invierno, esta \u00faltima con la participaci\u00f3n de Jos\u00e9 Coronado y un destacado elenco de actores.<\/p>\n<p><strong>Telde apuesta por convertirse en un referente audiovisual<\/strong><\/p>\n<p align=\"justify\">Este creciente inter\u00e9s de la industria audiovisual coincide con la apuesta estrat\u00e9gica del Ayuntamiento de Telde por seguir posicionando el municipio como un destino atractivo para el cine y las producciones audiovisuales.<\/p>\n<p align=\"justify\">En este sentido, la Junta de Gobierno Local aprob\u00f3 la pasada semana una inversi\u00f3n de m\u00e1s de un mill\u00f3n de euros para la creaci\u00f3n de un nuevo plat\u00f3 de cine en El Goro, una infraestructura que permitir\u00e1 ampliar las posibilidades del municipio para acoger nuevos proyectos y reforzar su capacidad como escenario y espacio de producci\u00f3n audiovisual.<\/p>\n<p align=\"justify\">El Ayuntamiento destaca as\u00ed el creciente inter\u00e9s de la industria por Telde y su diversidad paisaj\u00edstica, desde su litoral hasta sus espacios naturales y urbanos, que ofrecen m\u00faltiples posibilidades para acoger proyectos cinematogr\u00e1ficos y audiovisuales.<\/p>\n<p align=\"justify\">La instituci\u00f3n municipal reafirma su voluntad de continuar facilitando, dentro de sus competencias, la llegada de nuevas producciones que contribuyan a proyectar la imagen de Telde, poner en valor sus espacios emblem\u00e1ticos y generar un retorno econ\u00f3mico y promocional para la ciudad, consolidando su posici\u00f3n como un atractivo plat\u00f3 natural para el cine y el sector audiovisual.<\/p>\n","protected":false},"excerpt":{"rendered":"<p>Telde, a 28 de julio de 2026. Telde contin\u00faa consolid\u00e1ndose como uno de los municipios de referencia de Canarias para el desarrollo de producciones audiovisuales de gran formato. La ciudad&hellip;<\/p>\n","protected":false},"author":20,"featured_media":281,"comment_status":"open","ping_status":"open","sticky":false,"template":"","format":"standard","meta":{"wpai_generated_summary":"","wpai_meta_description":"","footnotes":""},"categories":[140],"tags":[],"class_list":["post-280","post","type-post","status-publish","format-standard","has-post-thumbnail","hentry","category-ayuntamiento-de-telde"],"_links":{"self":[{"href":"https:\/\/nublo.tv\/index.php\/wp-json\/wp\/v2\/posts\/280","targetHints":{"allow":["GET"]}}],"collection":[{"href":"https:\/\/nublo.tv\/index.php\/wp-json\/wp\/v2\/posts"}],"about":[{"href":"https:\/\/nublo.tv\/index.php\/wp-json\/wp\/v2\/types\/post"}],"author":[{"embeddable":true,"href":"https:\/\/nublo.tv\/index.php\/wp-json\/wp\/v2\/users\/20"}],"replies":[{"embeddable":true,"href":"https:\/\/nublo.tv\/index.php\/wp-json\/wp\/v2\/comments?post=280"}],"version-history":[{"count":1,"href":"https:\/\/nublo.tv\/index.php\/wp-json\/wp\/v2\/posts\/280\/revisions"}],"predecessor-version":[{"id":538,"href":"https:\/\/nublo.tv\/index.php\/wp-json\/wp\/v2\/posts\/280\/revisions\/538"}],"wp:featuredmedia":[{"embeddable":true,"href":"https:\/\/nublo.tv\/index.php\/wp-json\/wp\/v2\/media\/281"}],"wp:attachment":[{"href":"https:\/\/nublo.tv\/index.php\/wp-json\/wp\/v2\/media?parent=280"}],"wp:term":[{"taxonomy":"category","embeddable":true,"href":"https:\/\/nublo.tv\/index.php\/wp-json\/wp\/v2\/categories?post=280"},{"taxonomy":"post_tag","embeddable":true,"href":"https:\/\/nublo.tv\/index.php\/wp-json\/wp\/v2\/tags?post=280"}],"curies":[{"name":"wp","href":"https:\/\/api.w.org\/{rel}","templated":true}]}}