{"id":2800,"date":"2026-08-10T19:16:59","date_gmt":"2026-08-10T18:16:59","guid":{"rendered":"https:\/\/nublo.tv\/?p=2800"},"modified":"2026-08-10T19:16:59","modified_gmt":"2026-08-10T18:16:59","slug":"la-junta-de-gobierno-aprueba-un-convenio-con-la-fundacion-cibervoluntarios-para-acercar-a-la-ciudadania-la-formacion-gratuita-en-competencias-digitales","status":"publish","type":"post","link":"https:\/\/nublo.tv\/index.php\/2026\/08\/10\/la-junta-de-gobierno-aprueba-un-convenio-con-la-fundacion-cibervoluntarios-para-acercar-a-la-ciudadania-la-formacion-gratuita-en-competencias-digitales\/","title":{"rendered":"La Junta de Gobierno aprueba un convenio con la Fundaci\u00f3n Cibervoluntarios para acercar a la ciudadan\u00eda la formaci\u00f3n gratuita en competencias digitales"},"content":{"rendered":"<p>La colaboraci\u00f3n impulsar\u00e1 acciones formativas dirigidas a reducir la brecha digital y facilitar el acceso de la ciudadan\u00eda a las herramientas tecnol\u00f3gicas<\/p>\n<p>Las Palmas de Gran Canaria, 7 de agosto de 2026. La Junta de Gobierno del Ayuntamiento de Las Palmas de Gran Canaria ha aprobado esta semana un convenio de cooperaci\u00f3n con la Fundaci\u00f3n Cibervoluntarios para desarrollar acciones de formaci\u00f3n gratuita en competencias digitales dirigidas a la ciudadan\u00eda a trav\u00e9s del programa \u2018YoConecto\u2019.<br \/>\nEl acuerdo tiene como objetivo favorecer la inclusi\u00f3n digital, reducir la brecha tecnol\u00f3gica y facilitar que las personas adquieran conocimientos y habilidades para desenvolverse con mayor autonom\u00eda y seguridad en el entorno digital.<br \/>\nEl concejal de Presidencia, Hacienda, Modernizaci\u00f3n, Recursos Humanos y Aguas, Francisco Hern\u00e1ndez Sp\u00ednola, ha se\u00f1alado que \u201cla transformaci\u00f3n digital solo ser\u00e1 plenamente efectiva si llega a toda la ciudadan\u00eda, independientemente de su edad o de su situaci\u00f3n personal. Este convenio nos permitir\u00e1 acercar formaci\u00f3n pr\u00e1ctica y gratuita para que nadie quede atr\u00e1s en el acceso a las herramientas digitales\u201d.<br \/>\nAsimismo, ha destacado que \u201cesta colaboraci\u00f3n refuerza el compromiso del Ayuntamiento con una transformaci\u00f3n digital inclusiva, acercando oportunidades de aprendizaje que facilitar\u00e1n la relaci\u00f3n de la ciudadan\u00eda con la administraci\u00f3n, el acceso al conocimiento y el desarrollo personal y profesional\u201d.<br \/>\nEl convenio establece un marco de colaboraci\u00f3n para promover la inclusi\u00f3n digital, el empoderamiento ciudadano y la consecuci\u00f3n de los Objetivos de Desarrollo Sostenible en el \u00e1mbito local.<br \/>\nEsta colaboraci\u00f3n se enmarca en la iniciativa impulsada por la Federaci\u00f3n Canaria de Municipios (FECAM), que traslad\u00f3 a los ayuntamientos la posibilidad de adherirse al programa \u2018YoConecto\u2019 con el fin de acercar formaci\u00f3n gratuita en competencias digitales a la ciudadan\u00eda. El convenio no supone aportaci\u00f3n econ\u00f3mica por parte del Ayuntamiento.<\/p>\n","protected":false},"excerpt":{"rendered":"<p>La Junta de Gobierno del Ayuntamiento de Las Palmas de Gran Canaria ha aprobado esta semana un convenio de cooperaci\u00f3n con la Fundaci\u00f3n Cibervoluntarios para desarrollar acciones de formaci\u00f3n gratuita&hellip;<\/p>\n","protected":false},"author":1,"featured_media":2801,"comment_status":"open","ping_status":"open","sticky":false,"template":"","format":"standard","meta":{"wpai_generated_summary":"","wpai_meta_description":"","footnotes":""},"categories":[132],"tags":[],"class_list":["post-2800","post","type-post","status-publish","format-standard","has-post-thumbnail","hentry","category-ayuntamiento-de-las-palmas-de-gran-canaria"],"_links":{"self":[{"href":"https:\/\/nublo.tv\/index.php\/wp-json\/wp\/v2\/posts\/2800","targetHints":{"allow":["GET"]}}],"collection":[{"href":"https:\/\/nublo.tv\/index.php\/wp-json\/wp\/v2\/posts"}],"about":[{"href":"https:\/\/nublo.tv\/index.php\/wp-json\/wp\/v2\/types\/post"}],"author":[{"embeddable":true,"href":"https:\/\/nublo.tv\/index.php\/wp-json\/wp\/v2\/users\/1"}],"replies":[{"embeddable":true,"href":"https:\/\/nublo.tv\/index.php\/wp-json\/wp\/v2\/comments?post=2800"}],"version-history":[{"count":2,"href":"https:\/\/nublo.tv\/index.php\/wp-json\/wp\/v2\/posts\/2800\/revisions"}],"predecessor-version":[{"id":2983,"href":"https:\/\/nublo.tv\/index.php\/wp-json\/wp\/v2\/posts\/2800\/revisions\/2983"}],"wp:featuredmedia":[{"embeddable":true,"href":"https:\/\/nublo.tv\/index.php\/wp-json\/wp\/v2\/media\/2801"}],"wp:attachment":[{"href":"https:\/\/nublo.tv\/index.php\/wp-json\/wp\/v2\/media?parent=2800"}],"wp:term":[{"taxonomy":"category","embeddable":true,"href":"https:\/\/nublo.tv\/index.php\/wp-json\/wp\/v2\/categories?post=2800"},{"taxonomy":"post_tag","embeddable":true,"href":"https:\/\/nublo.tv\/index.php\/wp-json\/wp\/v2\/tags?post=2800"}],"curies":[{"name":"wp","href":"https:\/\/api.w.org\/{rel}","templated":true}]}}