{"id":2802,"date":"2026-08-10T19:16:55","date_gmt":"2026-08-10T18:16:55","guid":{"rendered":"https:\/\/nublo.tv\/?p=2802"},"modified":"2026-08-10T19:16:55","modified_gmt":"2026-08-10T18:16:55","slug":"el-ayuntamiento-renueva-el-alumbrado-de-la-avenida-primero-de-mayo-con-tecnologia-led","status":"publish","type":"post","link":"https:\/\/nublo.tv\/index.php\/2026\/08\/10\/el-ayuntamiento-renueva-el-alumbrado-de-la-avenida-primero-de-mayo-con-tecnologia-led\/","title":{"rendered":"El Ayuntamiento renueva el alumbrado de la avenida Primero de Mayo con tecnolog\u00eda LED"},"content":{"rendered":"<p>La actuaci\u00f3n ha permitido sustituir 25 luminarias por otras de mayor eficiencia, mejorando la calidad de la iluminaci\u00f3n y reduciendo el consumo energ\u00e9tico de esta v\u00eda en cerca de un 66 %<\/p>\n<p>Las nuevas luminarias incorporan sistemas de regulaci\u00f3n autom\u00e1tica que optimizan el consumo energ\u00e9tico durante las horas de menor actividad<\/p>\n<p>Las Palmas de Gran Canaria, 7 de agosto de 2026. El Ayuntamiento de Las Palmas de Gran Canaria, a trav\u00e9s de la Concejal\u00eda de V\u00edas y Obras y Alumbrado, ha finalizado la renovaci\u00f3n del alumbrado p\u00fablico de la avenida Primero de Mayo con la sustituci\u00f3n de 25 luminarias de vapor de sodio por nuevos equipos LED de alta eficiencia. <\/p>\n<p>Esta actuaci\u00f3n mejora la calidad de la iluminaci\u00f3n de una de las principales v\u00edas de la ciudad y se enmarca en el proceso de renovaci\u00f3n y modernizaci\u00f3n del alumbrado p\u00fablico que el Ayuntamiento desarrolla en distintos puntos del municipio.<\/p>\n<p>El concejal de V\u00edas y Obras y Alumbrado, Carlos D\u00edaz, ha se\u00f1alado que \u201cla renovaci\u00f3n permitir\u00e1 reducir el consumo energ\u00e9tico de la instalaci\u00f3n en cerca de un 66%, al tiempo que disminuir\u00e1 las emisiones de di\u00f3xido de carbono y las necesidades de mantenimiento respecto al sistema anterior\u201d.<\/p>\n<p>Las nuevas luminarias LED proporcionan una iluminaci\u00f3n m\u00e1s uniforme y confortable, favoreciendo la visibilidad y reforzando la seguridad tanto de peatones como de conductores. Asimismo, incorporan un sistema de regulaci\u00f3n autom\u00e1tica que adapta la intensidad de la luz a las diferentes horas de la noche para optimizar el consumo energ\u00e9tico.<\/p>\n<p>La actuaci\u00f3n realizada en la avenida Primero de Mayo permitir\u00e1 contar con un alumbrado m\u00e1s eficiente, sostenible y adaptado a las necesidades actuales de la ciudad, mejorando la calidad del servicio y contribuyendo a un uso m\u00e1s responsable de la energ\u00eda.<\/p>\n","protected":false},"excerpt":{"rendered":"<p>El Ayuntamiento de Las Palmas de Gran Canaria, a trav\u00e9s de la Concejal\u00eda de V\u00edas y Obras y Alumbrado, ha finalizado la renovaci\u00f3n del alumbrado p\u00fablico de la avenida Primero&hellip;<\/p>\n","protected":false},"author":1,"featured_media":2803,"comment_status":"open","ping_status":"open","sticky":false,"template":"","format":"standard","meta":{"wpai_generated_summary":"","wpai_meta_description":"","footnotes":""},"categories":[132],"tags":[],"class_list":["post-2802","post","type-post","status-publish","format-standard","has-post-thumbnail","hentry","category-ayuntamiento-de-las-palmas-de-gran-canaria"],"_links":{"self":[{"href":"https:\/\/nublo.tv\/index.php\/wp-json\/wp\/v2\/posts\/2802","targetHints":{"allow":["GET"]}}],"collection":[{"href":"https:\/\/nublo.tv\/index.php\/wp-json\/wp\/v2\/posts"}],"about":[{"href":"https:\/\/nublo.tv\/index.php\/wp-json\/wp\/v2\/types\/post"}],"author":[{"embeddable":true,"href":"https:\/\/nublo.tv\/index.php\/wp-json\/wp\/v2\/users\/1"}],"replies":[{"embeddable":true,"href":"https:\/\/nublo.tv\/index.php\/wp-json\/wp\/v2\/comments?post=2802"}],"version-history":[{"count":2,"href":"https:\/\/nublo.tv\/index.php\/wp-json\/wp\/v2\/posts\/2802\/revisions"}],"predecessor-version":[{"id":2982,"href":"https:\/\/nublo.tv\/index.php\/wp-json\/wp\/v2\/posts\/2802\/revisions\/2982"}],"wp:featuredmedia":[{"embeddable":true,"href":"https:\/\/nublo.tv\/index.php\/wp-json\/wp\/v2\/media\/2803"}],"wp:attachment":[{"href":"https:\/\/nublo.tv\/index.php\/wp-json\/wp\/v2\/media?parent=2802"}],"wp:term":[{"taxonomy":"category","embeddable":true,"href":"https:\/\/nublo.tv\/index.php\/wp-json\/wp\/v2\/categories?post=2802"},{"taxonomy":"post_tag","embeddable":true,"href":"https:\/\/nublo.tv\/index.php\/wp-json\/wp\/v2\/tags?post=2802"}],"curies":[{"name":"wp","href":"https:\/\/api.w.org\/{rel}","templated":true}]}}