{"id":2806,"date":"2026-08-10T19:58:21","date_gmt":"2026-08-10T18:58:21","guid":{"rendered":"https:\/\/nublo.tv\/?p=2806"},"modified":"2026-08-10T19:58:21","modified_gmt":"2026-08-10T18:58:21","slug":"jornadas-informativas-sobre-la-ii-convocatoria-de-los-proyectos-paraguas","status":"publish","type":"post","link":"https:\/\/nublo.tv\/index.php\/2026\/08\/10\/jornadas-informativas-sobre-la-ii-convocatoria-de-los-proyectos-paraguas\/","title":{"rendered":"Jornadas Informativas sobre la II Convocatoria de los Proyectos Paraguas"},"content":{"rendered":"<p>Las jornadas se celebrar\u00e1n los d\u00edas 13 y 27 de agosto, y el 14 de septiembre. Las charlas comenzar\u00e1n a las 12:30 de la ma\u00f1ana. Inscr\u00edbete en este enlace o escanea el c\u00f3digo QR del cartel: https:\/\/docs.google.com\/forms\/d\/e\/1FAIpQLSc2uty-VwedW16flii924vjlwjp9NtWEg52iiRmYCMJpLc3ew\/viewform?usp=header<\/p>\n","protected":false},"excerpt":{"rendered":"<p>Este art\u00edculo ( Jornadas Informativas sobre la II Convocatoria de los Proyectos Paraguas) se public\u00f3 en AIDER Gran Canaria. Las jornadas se celebrar\u00e1n los d\u00edas 13 y 27 de agosto,&hellip;<\/p>\n","protected":false},"author":1,"featured_media":2807,"comment_status":"open","ping_status":"open","sticky":false,"template":"","format":"standard","meta":{"wpai_generated_summary":"","wpai_meta_description":"","footnotes":""},"categories":[121],"tags":[],"class_list":["post-2806","post","type-post","status-publish","format-standard","has-post-thumbnail","hentry","category-noticias"],"_links":{"self":[{"href":"https:\/\/nublo.tv\/index.php\/wp-json\/wp\/v2\/posts\/2806","targetHints":{"allow":["GET"]}}],"collection":[{"href":"https:\/\/nublo.tv\/index.php\/wp-json\/wp\/v2\/posts"}],"about":[{"href":"https:\/\/nublo.tv\/index.php\/wp-json\/wp\/v2\/types\/post"}],"author":[{"embeddable":true,"href":"https:\/\/nublo.tv\/index.php\/wp-json\/wp\/v2\/users\/1"}],"replies":[{"embeddable":true,"href":"https:\/\/nublo.tv\/index.php\/wp-json\/wp\/v2\/comments?post=2806"}],"version-history":[{"count":4,"href":"https:\/\/nublo.tv\/index.php\/wp-json\/wp\/v2\/posts\/2806\/revisions"}],"predecessor-version":[{"id":3029,"href":"https:\/\/nublo.tv\/index.php\/wp-json\/wp\/v2\/posts\/2806\/revisions\/3029"}],"wp:featuredmedia":[{"embeddable":true,"href":"https:\/\/nublo.tv\/index.php\/wp-json\/wp\/v2\/media\/2807"}],"wp:attachment":[{"href":"https:\/\/nublo.tv\/index.php\/wp-json\/wp\/v2\/media?parent=2806"}],"wp:term":[{"taxonomy":"category","embeddable":true,"href":"https:\/\/nublo.tv\/index.php\/wp-json\/wp\/v2\/categories?post=2806"},{"taxonomy":"post_tag","embeddable":true,"href":"https:\/\/nublo.tv\/index.php\/wp-json\/wp\/v2\/tags?post=2806"}],"curies":[{"name":"wp","href":"https:\/\/api.w.org\/{rel}","templated":true}]}}