{"id":2808,"date":"2026-08-10T08:59:07","date_gmt":"2026-08-10T07:59:07","guid":{"rendered":"https:\/\/nublo.tv\/?p=2808"},"modified":"2026-08-10T08:59:07","modified_gmt":"2026-08-10T07:59:07","slug":"ii-convocatoria-de-seleccion-de-proyectos-paraguas","status":"publish","type":"post","link":"https:\/\/nublo.tv\/index.php\/2026\/08\/10\/ii-convocatoria-de-seleccion-de-proyectos-paraguas\/","title":{"rendered":"II Convocatoria de selecci\u00f3n de Proyectos Paraguas"},"content":{"rendered":"<p>Estrategia de Desarrollo Local Participativa \u00abGran Canaria Isla Rural\u00bb. Intervenci\u00f3n 7119 LEADER \u2013 PEPAC 2023-2027<br \/>\nAIDER Gran Canaria abre la II Convocatoria de Proyectos Paraguas.<\/p>\n<p>La Asociaci\u00f3n Insular de Desarrollo Rural de Gran Canaria (AIDER Gran Canaria), como Grupo de Acci\u00f3n Local de la isla, informa de la publicaci\u00f3n de la II Convocatoria de Proyectos Paraguas, destinada a seleccionar proyectos que impulsen iniciativas colectivas e innovadoras que contribuyan al desarrollo equi del medio rural de Gran Canaria, en el marco de la Estrategia de Desarrollo Local Participativa \u00abGran Canaria Isla Rural\u00bb y de la Intervenci\u00f3n 7119 LEADER del Plan Estrat\u00e9gico de la PAC (PEPAC).<\/p>\n<p>Los Proyectos Paraguas permiten que personas, asociaciones, entidades locales y colectivos desarrollen iniciativas de forma conjunta, compartiendo una estructura com\u00fan que facilita la colaboraci\u00f3n, la innovaci\u00f3n y un mayor impacto en el territorio.<\/p>\n<p>AIDER Gran Canaria te acompa\u00f1ar\u00e1 durante todo el proceso, asumiendo la gesti\u00f3n t\u00e9cnica, administrativa y financiera de los proyectos seleccionados.<\/p>\n<p>Hasta 20.000 \u20ac por proyecto.<\/p>\n<p>\u00bfQui\u00e9n puede presentar un Proyecto Paraguas?<\/p>\n<p>La presentaci\u00f3n de los proyectos paraguas deber\u00e1 realizarse por iniciativa de un grupo de la comunidad local conformado por:<\/p>\n<p>Al menos cinco personas f\u00edsicas o cinco personas jur\u00eddicas o una combinaci\u00f3n de ambas que sean en total al menos de cinco componentes.<br \/>\nAl menos un ente local o una corporaci\u00f3n de derecho p\u00fablico o una asociaci\u00f3n inscrita en el Registro de Asociaciones de Canarias o una ONG junto con al menos una persona f\u00edsica o jur\u00eddica.<br \/>\nAl menos dos entidades locales o corporaciones de derecho p\u00fablico o combinaci\u00f3n de ambas.<br \/>\nLos grandes cambios nacen de las buenas ideas cuando se desarrollan en colaboraci\u00f3n. Si formas parte de una asociaci\u00f3n, cooperativa, entidad local, empresa o colectivo comprometido con el futuro del medio rural de Gran Canaria, esta convocatoria puede ayudarte a convertir esa idea en un proyecto con impacto real. Porque el desarrollo rural tambi\u00e9n se construye cooperando.<\/p>\n<p>Presentaci\u00f3n de solicitudes<br \/>\nLas entidades interesadas podr\u00e1n presentar sus solicitudes conforme a lo establecido en la convocatoria, utilizando los modelos normalizados disponibles.<\/p>\n<p>Plazo de presentaci\u00f3n:<br \/>\nDesde: 30 de julio de 2026<br \/>\nHasta: 18 de septiembre de 2026<\/p>\n<p>La solicitud de los Proyectos Paraguas deber\u00e1 ser presentada en la sede electr\u00f3nica de AIDER Gran Canaria  https:\/\/sedeaidergc.absiscloud.com\/, conforme a los modelos establecidos en los Anexos 3 y 5.<\/p>\n<p>Documentaci\u00f3n disponible<br \/>\nII Convocatoria de Proyectos Paraguas.<br \/>\nAnexos.<\/p>\n<p>Convocatoria<br \/>\nANEXOS<br \/>\nANEXO 3_FORMULARIO SOLICITUD PARAGUAS_<br \/>\nANEXO 5_ACUERDO COOPERACI\u00d3N<\/p>\n<p class=\"wp-block-paragraph\"><strong>AIDER Gran Canaria abre la II Convocatoria de Proyectos Paraguas.<\/strong><\/p>\n<p class=\"wp-block-paragraph\">La Asociaci\u00f3n Insular de Desarrollo Rural de Gran Canaria (AIDER Gran Canaria), como Grupo de Acci\u00f3n Local de la isla, informa de la publicaci\u00f3n de la <strong>II Convocatoria de Proyectos Paraguas<\/strong>, destinada a seleccionar proyectos que impulsen iniciativas colectivas e innovadoras que contribuyan al desarrollo equi del medio rural de Gran Canaria, en el marco de la Estrategia de Desarrollo Local Participativa <strong>\u00abGran Canaria Isla Rural\u00bb<\/strong> y de la Intervenci\u00f3n 7119 LEADER del Plan Estrat\u00e9gico de la PAC (PEPAC).<\/p>\n<p class=\"wp-block-paragraph\">Los <strong>Proyectos Paraguas<\/strong> permiten que personas, asociaciones, entidades locales y colectivos desarrollen iniciativas de forma conjunta, compartiendo una estructura com\u00fan que facilita la colaboraci\u00f3n, la innovaci\u00f3n y un mayor impacto en el territorio.<\/p>\n<p class=\"wp-block-paragraph\"><strong>AIDER Gran Canaria te acompa\u00f1ar\u00e1 durante todo el proceso, asumiendo la gesti\u00f3n t\u00e9cnica, administrativa y financiera de los proyectos seleccionados.<\/strong><\/p>\n<p class=\"wp-block-paragraph\"><strong>Hasta 20.000 \u20ac por proyecto.<\/strong> <\/p>\n<p class=\"wp-block-paragraph\"><strong>\u00bfQui\u00e9n puede presentar un Proyecto Paraguas?<\/strong><\/p>\n<p class=\"wp-block-paragraph\">La presentaci\u00f3n de los proyectos paraguas deber\u00e1 realizarse por iniciativa de un grupo de la comunidad local conformado por:<\/p>\n<ol style=\"list-style-type:lower-alpha\" class=\"wp-block-list\">\n<li>Al menos cinco personas f\u00edsicas o cinco personas jur\u00eddicas o una combinaci\u00f3n de ambas que sean en total al menos de cinco componentes.<\/li>\n<li>Al menos un ente local o una corporaci\u00f3n de derecho p\u00fablico o una asociaci\u00f3n inscrita en el Registro de Asociaciones de Canarias o una ONG junto con al menos una persona f\u00edsica o jur\u00eddica.<\/li>\n<li>Al menos dos entidades locales o corporaciones de derecho p\u00fablico o combinaci\u00f3n de ambas.<\/li>\n<\/ol>\n<p class=\"wp-block-paragraph\">Los grandes cambios nacen de las buenas ideas cuando se desarrollan en colaboraci\u00f3n. Si formas parte de una asociaci\u00f3n, cooperativa, entidad local, empresa o colectivo comprometido con el futuro del medio rural de Gran Canaria, esta convocatoria puede ayudarte a convertir esa idea en un proyecto con impacto real. Porque el desarrollo rural tambi\u00e9n se construye cooperando.<\/p>\n<h2 class=\"wp-block-heading\">Presentaci\u00f3n de solicitudes<\/h2>\n<p class=\"wp-block-paragraph\">Las entidades interesadas podr\u00e1n presentar sus solicitudes conforme a lo establecido en la convocatoria, utilizando los modelos normalizados disponibles.<\/p>\n<p class=\"wp-block-paragraph\"><strong>Plazo de presentaci\u00f3n:<\/strong><br \/><strong>Desde:<\/strong> 30 de julio de 2026<br \/><strong>Hasta:<\/strong> 18 de septiembre de 2026<\/p>\n<p class=\"wp-block-paragraph\">La solicitud de los Proyectos Paraguas deber\u00e1 ser presentada en la <strong>sede electr\u00f3nica de AIDER Gran Canaria \u00a0<a href=\"https:\/\/sedeaidergc.absiscloud.com\/\">https:\/\/sedeaidergc.absiscloud.com\/<\/a><\/strong>, conforme a los modelos establecidos en los\u00a0<strong>Anexos 3<\/strong>\u00a0y<strong> 5.<\/strong><\/p>\n<h2 class=\"wp-block-heading\">Documentaci\u00f3n disponible<\/h2>\n<ul class=\"wp-block-list\">\n<li>II Convocatoria de Proyectos Paraguas.<\/li>\n<li>Anexos.<\/li>\n<\/ul>\n<div class=\"wp-block-columns is-layout-flex wp-container-core-columns-is-layout-995f960e wp-block-columns-is-layout-flex\">\n<div class=\"wp-block-column is-layout-flow wp-block-column-is-layout-flow\"><\/div>\n<div class=\"wp-block-column is-layout-flow wp-block-column-is-layout-flow\">\n<figure class=\"wp-block-image size-full\"><img loading=\"lazy\" decoding=\"async\" width=\"1650\" height=\"2438\" src=\"https:\/\/www.aidergc.com\/wp-content\/uploads\/Cartel-vertical.png\" alt=\"\" class=\"wp-image-5855\" \/><\/figure>\n<\/div>\n<div class=\"wp-block-column is-layout-flow wp-block-column-is-layout-flow\"><\/div>\n<\/div>\n<div class=\"wp-block-columns is-layout-flex wp-container-core-columns-is-layout-995f960e wp-block-columns-is-layout-flex\">\n<div class=\"wp-block-column is-layout-flow wp-block-column-is-layout-flow\">\n<div data-wp-interactive=\"core\/file\" class=\"wp-block-file\"><object><\/object><a id=\"wp-block-file--media-bed8e2c3-a9a3-4952-947b-3ff82c0dc959\" href=\"https:\/\/www.aidergc.com\/wp-content\/uploads\/Convocatoria.pdf\">Convocatoria<\/a><a href=\"https:\/\/www.aidergc.com\/wp-content\/uploads\/Convocatoria.pdf\" class=\"wp-block-file__button wp-element-button\" download aria-describedby=\"wp-block-file--media-bed8e2c3-a9a3-4952-947b-3ff82c0dc959\">Descarga<\/a><\/div>\n<\/div>\n<div class=\"wp-block-column is-layout-flow wp-block-column-is-layout-flow\">\n<div data-wp-interactive=\"core\/file\" class=\"wp-block-file\"><object><\/object><a id=\"wp-block-file--media-f9e285f4-cfe9-4b43-976c-5dd50bc78b5b\" href=\"https:\/\/www.aidergc.com\/wp-content\/uploads\/ANEXOS.pdf\">ANEXOS<\/a><a href=\"https:\/\/www.aidergc.com\/wp-content\/uploads\/ANEXOS.pdf\" class=\"wp-block-file__button wp-element-button\" download aria-describedby=\"wp-block-file--media-f9e285f4-cfe9-4b43-976c-5dd50bc78b5b\">Descarga<\/a><\/div>\n<\/div>\n<\/div>\n<div class=\"wp-block-columns is-layout-flex wp-container-core-columns-is-layout-995f960e wp-block-columns-is-layout-flex\">\n<div class=\"wp-block-column is-layout-flow wp-block-column-is-layout-flow\">\n<div data-wp-interactive=\"core\/file\" class=\"wp-block-file\"><object><\/object><a id=\"wp-block-file--media-6cd7c19d-0014-490a-9f71-c93fe5c8fcb0\" href=\"https:\/\/www.aidergc.com\/wp-content\/uploads\/ANEXO-3_FORMULARIO-SOLICITUD-PARAGUAS_-1.pdf\">ANEXO 3_FORMULARIO SOLICITUD PARAGUAS_<\/a><a href=\"https:\/\/www.aidergc.com\/wp-content\/uploads\/ANEXO-3_FORMULARIO-SOLICITUD-PARAGUAS_-1.pdf\" class=\"wp-block-file__button wp-element-button\" download aria-describedby=\"wp-block-file--media-6cd7c19d-0014-490a-9f71-c93fe5c8fcb0\">Descarga<\/a><\/div>\n<\/div>\n<div class=\"wp-block-column is-layout-flow wp-block-column-is-layout-flow\">\n<div data-wp-interactive=\"core\/file\" class=\"wp-block-file\"><object><\/object><a id=\"wp-block-file--media-438d4508-0834-4761-9cfc-cf909127e3b9\" href=\"https:\/\/www.aidergc.com\/wp-content\/uploads\/ANEXO-5_ACUERDO-COOPERACION.pdf\">ANEXO 5_ACUERDO COOPERACI\u00d3N<\/a><a href=\"https:\/\/www.aidergc.com\/wp-content\/uploads\/ANEXO-5_ACUERDO-COOPERACION.pdf\" class=\"wp-block-file__button wp-element-button\" download aria-describedby=\"wp-block-file--media-438d4508-0834-4761-9cfc-cf909127e3b9\">Descarga<\/a><\/div>\n<\/div>\n<\/div>\n<p class=\"wp-block-paragraph\">\n<p>Este art\u00edculo ( <a href=\"https:\/\/www.aidergc.com\/ii-convocatoria-de-seleccion-de-proyectos-paraguas\/\">II Convocatoria de selecci\u00f3n de Proyectos Paraguas<\/a>) se public\u00f3 en <a href=\"https:\/\/www.aidergc.com\">AIDER Gran Canaria<\/a>.<\/p>\n","protected":false},"excerpt":{"rendered":"<p>Este art\u00edculo ( II Convocatoria de selecci\u00f3n de Proyectos Paraguas) se public\u00f3 en AIDER Gran Canaria. \u00bfTienes una idea capaz de transformar el medio rural? Estrategia de Desarrollo Local Participativa&hellip;<\/p>\n","protected":false},"author":1,"featured_media":2809,"comment_status":"open","ping_status":"open","sticky":false,"template":"","format":"standard","meta":{"wpai_generated_summary":"","wpai_meta_description":"","footnotes":""},"categories":[121],"tags":[],"class_list":["post-2808","post","type-post","status-publish","format-standard","has-post-thumbnail","hentry","category-noticias"],"_links":{"self":[{"href":"https:\/\/nublo.tv\/index.php\/wp-json\/wp\/v2\/posts\/2808","targetHints":{"allow":["GET"]}}],"collection":[{"href":"https:\/\/nublo.tv\/index.php\/wp-json\/wp\/v2\/posts"}],"about":[{"href":"https:\/\/nublo.tv\/index.php\/wp-json\/wp\/v2\/types\/post"}],"author":[{"embeddable":true,"href":"https:\/\/nublo.tv\/index.php\/wp-json\/wp\/v2\/users\/1"}],"replies":[{"embeddable":true,"href":"https:\/\/nublo.tv\/index.php\/wp-json\/wp\/v2\/comments?post=2808"}],"version-history":[{"count":2,"href":"https:\/\/nublo.tv\/index.php\/wp-json\/wp\/v2\/posts\/2808\/revisions"}],"predecessor-version":[{"id":2820,"href":"https:\/\/nublo.tv\/index.php\/wp-json\/wp\/v2\/posts\/2808\/revisions\/2820"}],"wp:featuredmedia":[{"embeddable":true,"href":"https:\/\/nublo.tv\/index.php\/wp-json\/wp\/v2\/media\/2809"}],"wp:attachment":[{"href":"https:\/\/nublo.tv\/index.php\/wp-json\/wp\/v2\/media?parent=2808"}],"wp:term":[{"taxonomy":"category","embeddable":true,"href":"https:\/\/nublo.tv\/index.php\/wp-json\/wp\/v2\/categories?post=2808"},{"taxonomy":"post_tag","embeddable":true,"href":"https:\/\/nublo.tv\/index.php\/wp-json\/wp\/v2\/tags?post=2808"}],"curies":[{"name":"wp","href":"https:\/\/api.w.org\/{rel}","templated":true}]}}