{"id":2826,"date":"2026-08-10T19:17:16","date_gmt":"2026-08-10T18:17:16","guid":{"rendered":"https:\/\/nublo.tv\/?p=2826"},"modified":"2026-08-27T12:35:26","modified_gmt":"2026-08-27T11:35:26","slug":"el-espectaculo-makasi-fusiona-esta-noche-en-la-plaza-grande-de-guia-la-tradicion-musical-de-canarias-y-la-macaronesia-en-la-voz-de-marta-bolanos","status":"publish","type":"post","link":"https:\/\/nublo.tv\/index.php\/2026\/08\/10\/el-espectaculo-makasi-fusiona-esta-noche-en-la-plaza-grande-de-guia-la-tradicion-musical-de-canarias-y-la-macaronesia-en-la-voz-de-marta-bolanos\/","title":{"rendered":"El espect\u00e1culo \u2018Makasi\u2019 fusiona esta noche en la Plaza Grande de Gu\u00eda la tradici\u00f3n musical de Canarias y la Macaronesia en la voz de Marta Bola\u00f1os"},"content":{"rendered":"<ul>\n<li><strong> Con este concierto, a partir de las 21:00 horas, arranca la semana grande de las fiestas de La Virgen 2026<\/strong><\/li>\n<\/ul>\n<p><strong>Gu\u00eda, 10 de agosto de 2026.-<\/strong> La Plaza Grande de Gu\u00eda acoge hoy lunes, a partir de\u00a0 las 21:00 horas, \u00a0el espect\u00e1culo\u00a0 &#8216;Makasi&#8217;, una propuesta art\u00edstica que tiende un puente sonoro entre las tradiciones de Canarias y la \u00a0Macaronesia para ofrecer al mundo\u00a0 una nueva forma de disfrutar y entender estas ricas culturas musicales y con la que arranca la semana grande de las fiestas de La Virgen 2026.<\/p>\n<p>Sobre el escenario estar\u00e1 la vocalista Marta Bola\u00f1os acompa\u00f1ada del guitarrista guiense Misael Jord\u00e1n, encargado adem\u00e1s de la direcci\u00f3n musical. La formaci\u00f3n se completa con una banda de amplia trayectoria compuesta por Tana Santana al bajo el\u00e9ctrico, Shang\u00f3 Dely en las percusiones y Akior Garc\u00eda en la bater\u00eda.<\/p>\n<p>El espect\u00e1culo ofrece una relectura contempor\u00e1nea de los ritmos y sonoridades que unen a estos territorios atl\u00e1nticos. A trav\u00e9s de este di\u00e1logo cultural, la formaci\u00f3n ofrece al p\u00fablico una manera renovada de acercarse a la riqueza del patrimonio musical insular.<\/p>\n<p><strong>Marta Bola\u00f1os<\/strong><\/p>\n<p>Marta Bolan\u0303os comenzo\u0301 su carrera en Las Palmas de Gran Canaria y entre sus primeras colaboraciones figuran nombres como los de Mestisay, Jose\u0301 Antonio Ramos o Andre\u0301s Molina. Tambie\u0301n destaca su participacio\u0301n en los musicales \u2018Querido Ne\u0301stor II\u2019 y \u2018El Cabaret del Capita\u0301n Varela\u2019, especta\u0301culos con los que ya piso\u0301 escenarios en Madrid.<\/p>\n<p>Fue en 2001 cuando la inte\u0301rprete lanzo\u0301 su primer proyecto en solitario, \u2018Motivos\u2019, que le llevo\u0301 a cruzar el Atla\u0301ntico para presentarlo en Medelli\u0301n (Colombia). A partir de ahi\u0301, la artista se asento\u0301 en Madrid, y completo\u0301 su formacio\u0301n para continuar creciendo en las tablas.<\/p>\n<p>Marta Bolan\u0303os despunto\u0301 en Madrid con su especta\u0301culo \u2018Boleros y ma\u0301s\u2019 presentado en la sala Clamores y agrando\u0301 su presencia con sendos homenajes a los poetas Antonio Machado (en \u2018Se hace camino al andar\u2019) y Miguel Herna\u0301ndez (con \u2018Llego\u0301 con tres heridas\u2019).<\/p>\n<p>Su versatilidad como cantante y su personalidad inquieta le lleva a subirse a los escenarios formando parte del elenco de algunas zarzuelas como\u00a0 <em>La Corte de Farao\u0301n <\/em>\u00a0asi\u0301 como en el proyecto de mu\u0301sica brasilen\u0303a\u00a0 <em>Levame pra lua.<\/em><\/p>\n<p>Recientemente ha hecho su primera incursi\u00f3n en cine participando en la grabacio\u0301n de dos cortos. En su actividad como cantante cabe destacar la apuesta que la cantante ha hecho con su proyecto <em>Panamericana\u00a0 <\/em>y que ha sido muy bien recibido por el pu\u0301blico canario tras su vuelta a los escenarios de la isla.<\/p>\n<p>&nbsp;<\/p>\n<p>&nbsp;<\/p>\n","protected":false},"excerpt":{"rendered":"<p>Con este concierto, a partir de las 21:00 horas, arranca la semana grande de las fiestas de La Virgen 2026 Gu\u00eda, 10 de agosto de 2026.- La Plaza Grande de&hellip;<\/p>\n","protected":false},"author":1,"featured_media":2827,"comment_status":"open","ping_status":"open","sticky":false,"template":"","format":"standard","meta":{"wpai_generated_summary":"","wpai_meta_description":"","footnotes":""},"categories":[138],"tags":[],"class_list":["post-2826","post","type-post","status-publish","format-standard","has-post-thumbnail","hentry","category-ayuntamiento-de-santa-maria-de-guia"],"_links":{"self":[{"href":"https:\/\/nublo.tv\/index.php\/wp-json\/wp\/v2\/posts\/2826","targetHints":{"allow":["GET"]}}],"collection":[{"href":"https:\/\/nublo.tv\/index.php\/wp-json\/wp\/v2\/posts"}],"about":[{"href":"https:\/\/nublo.tv\/index.php\/wp-json\/wp\/v2\/types\/post"}],"author":[{"embeddable":true,"href":"https:\/\/nublo.tv\/index.php\/wp-json\/wp\/v2\/users\/1"}],"replies":[{"embeddable":true,"href":"https:\/\/nublo.tv\/index.php\/wp-json\/wp\/v2\/comments?post=2826"}],"version-history":[{"count":1,"href":"https:\/\/nublo.tv\/index.php\/wp-json\/wp\/v2\/posts\/2826\/revisions"}],"predecessor-version":[{"id":2988,"href":"https:\/\/nublo.tv\/index.php\/wp-json\/wp\/v2\/posts\/2826\/revisions\/2988"}],"wp:featuredmedia":[{"embeddable":true,"href":"https:\/\/nublo.tv\/index.php\/wp-json\/wp\/v2\/media\/2827"}],"wp:attachment":[{"href":"https:\/\/nublo.tv\/index.php\/wp-json\/wp\/v2\/media?parent=2826"}],"wp:term":[{"taxonomy":"category","embeddable":true,"href":"https:\/\/nublo.tv\/index.php\/wp-json\/wp\/v2\/categories?post=2826"},{"taxonomy":"post_tag","embeddable":true,"href":"https:\/\/nublo.tv\/index.php\/wp-json\/wp\/v2\/tags?post=2826"}],"curies":[{"name":"wp","href":"https:\/\/api.w.org\/{rel}","templated":true}]}}