{"id":2828,"date":"2026-08-10T19:16:42","date_gmt":"2026-08-10T18:16:42","guid":{"rendered":"https:\/\/nublo.tv\/?p=2828"},"modified":"2026-08-29T08:57:49","modified_gmt":"2026-08-29T07:57:49","slug":"el-centro-ocupacional-de-santa-brigida-disfruta-de-una-jornada-de-ocio-inclusivo-en-poema-del-mar","status":"publish","type":"post","link":"https:\/\/nublo.tv\/index.php\/2026\/08\/10\/el-centro-ocupacional-de-santa-brigida-disfruta-de-una-jornada-de-ocio-inclusivo-en-poema-del-mar\/","title":{"rendered":"El Centro Ocupacional de Santa Br\u00edgida disfruta de una jornada de ocio inclusivo en Poema del Mar"},"content":{"rendered":"<p>El pasado viernes, 7 de agosto, las personas usuarias del <strong>Centro Ocupacional de Santa Br\u00edgida <\/strong>disfrutaron de una jornada muy especial con una visita al <strong>Acuario Poema del Mar,<\/strong> en Las Palmas de Gran Canaria. La actividad se enmarca dentro del programa de<em> Ocio inclusivo <\/em>del Centro, destinado a favorecer la participaci\u00f3n de las personas con discapacidad en actividades de ocio y tiempo libre, promoviendo espacios de convivencia, autonom\u00eda, <strong>participaci\u00f3n social y disfrute.<\/strong><\/p>\n<p>Durante la jornada, las personas usuarias pudieron conocer y disfrutar de las diferentes especies y espacios del acuario, como la piscina <em>Deep Sea<\/em>, que cuenta con la ventana de cristal m\u00e1s grande del mundo, desde la que se pueden ver <strong>m\u00e1s de 350 especies marinas diferentes<\/strong>, compartiendo una experiencia diferente y enriquecedora <strong>fuera del entorno habitual del centro. <\/strong><\/p>\n<figure class=\"wp-block-image size-large is-resized\"><a href=\"https:\/\/www.santabrigida.es\/wp-content\/uploads\/2026\/08\/WhatsApp-Image-2026-08-10-at-08.46.10.jpeg\"><img loading=\"lazy\" decoding=\"async\" width=\"768\" height=\"1024\" src=\"https:\/\/www.santabrigida.es\/wp-content\/uploads\/2026\/08\/WhatsApp-Image-2026-08-10-at-08.46.10-768x1024.jpeg\" alt=\"\" class=\"wp-image-46479\" style=\"width:852px;height:auto\" \/><\/a><\/figure>\n<\/p>\n<p>Tras la visita, el grupo se traslad\u00f3 a una zona pr\u00f3xima para disfrutar de una comida tipo picnic, poniendo el broche final a un d\u00eda marcado por la convivencia, el buen ambiente y los momentos compartidos. Esta salida supone adem\u00e1s la antesala de las vacaciones estivales de las personas usuarias del Centro, cerrando as\u00ed un periodo de actividades y experiencias compartidas y dando paso a unos d\u00edas de descanso y disfrute.<\/p>\n<p>Desde el Centro Ocupacional de Santa Br\u00edgida se contin\u00faa apostando por un ocio <strong>inclusivo, accesible y significativo<\/strong>, entendiendo el ocio y el tiempo libre como elementos fundamentales para favorecer el bienestar, la autonom\u00eda y la plena participaci\u00f3n de las personas con discapacidad en la comunidad.<\/p>\n<figure class=\"wp-block-image size-large\"><a href=\"https:\/\/www.santabrigida.es\/wp-content\/uploads\/2026\/08\/WhatsApp-Image-2026-08-10-at-08.46.32.jpeg\"><img loading=\"lazy\" decoding=\"async\" width=\"1024\" height=\"768\" src=\"https:\/\/www.santabrigida.es\/wp-content\/uploads\/2026\/08\/WhatsApp-Image-2026-08-10-at-08.46.32-1024x768.jpeg\" alt=\"\" class=\"wp-image-46482\" \/><\/a><\/figure>\n<figure class=\"wp-block-image size-large\"><a href=\"https:\/\/www.santabrigida.es\/wp-content\/uploads\/2026\/08\/WhatsApp-Image-2026-08-10-at-08.45.21-1.jpeg\"><img loading=\"lazy\" decoding=\"async\" width=\"1024\" height=\"768\" src=\"https:\/\/www.santabrigida.es\/wp-content\/uploads\/2026\/08\/WhatsApp-Image-2026-08-10-at-08.45.21-1-1024x768.jpeg\" alt=\"\" class=\"wp-image-46480\" \/><\/a><\/figure>\n<p>santabrigida.es\u00bb>Ayuntamiento de la Villa de Santa Br\u00edgida<\/a>.<\/p>\n","protected":false},"excerpt":{"rendered":"<p>El pasado viernes, 7 de agosto, las personas usuarias del Centro Ocupacional de Santa Br\u00edgida disfrutaron de una jornada muy especial con una visita al Acuario Poema del Mar, en&hellip;<\/p>\n","protected":false},"author":1,"featured_media":2829,"comment_status":"open","ping_status":"open","sticky":false,"template":"","format":"standard","meta":{"wpai_generated_summary":"","wpai_meta_description":"","footnotes":""},"categories":[136],"tags":[],"class_list":["post-2828","post","type-post","status-publish","format-standard","has-post-thumbnail","hentry","category-ayuntamiento-de-santa-brigida"],"_links":{"self":[{"href":"https:\/\/nublo.tv\/index.php\/wp-json\/wp\/v2\/posts\/2828","targetHints":{"allow":["GET"]}}],"collection":[{"href":"https:\/\/nublo.tv\/index.php\/wp-json\/wp\/v2\/posts"}],"about":[{"href":"https:\/\/nublo.tv\/index.php\/wp-json\/wp\/v2\/types\/post"}],"author":[{"embeddable":true,"href":"https:\/\/nublo.tv\/index.php\/wp-json\/wp\/v2\/users\/1"}],"replies":[{"embeddable":true,"href":"https:\/\/nublo.tv\/index.php\/wp-json\/wp\/v2\/comments?post=2828"}],"version-history":[{"count":2,"href":"https:\/\/nublo.tv\/index.php\/wp-json\/wp\/v2\/posts\/2828\/revisions"}],"predecessor-version":[{"id":18112,"href":"https:\/\/nublo.tv\/index.php\/wp-json\/wp\/v2\/posts\/2828\/revisions\/18112"}],"wp:featuredmedia":[{"embeddable":true,"href":"https:\/\/nublo.tv\/index.php\/wp-json\/wp\/v2\/media\/2829"}],"wp:attachment":[{"href":"https:\/\/nublo.tv\/index.php\/wp-json\/wp\/v2\/media?parent=2828"}],"wp:term":[{"taxonomy":"category","embeddable":true,"href":"https:\/\/nublo.tv\/index.php\/wp-json\/wp\/v2\/categories?post=2828"},{"taxonomy":"post_tag","embeddable":true,"href":"https:\/\/nublo.tv\/index.php\/wp-json\/wp\/v2\/tags?post=2828"}],"curies":[{"name":"wp","href":"https:\/\/api.w.org\/{rel}","templated":true}]}}