{"id":2830,"date":"2026-08-10T19:58:24","date_gmt":"2026-08-10T18:58:24","guid":{"rendered":"https:\/\/nublo.tv\/?p=2830"},"modified":"2026-08-27T12:35:26","modified_gmt":"2026-08-27T11:35:26","slug":"la-spegc-y-la-fundacion-incyde-fomentan-el-emprendimiento-en-gran-canaria-con-8-nuevas-acciones-formativas-gratuitas","status":"publish","type":"post","link":"https:\/\/nublo.tv\/index.php\/2026\/08\/10\/la-spegc-y-la-fundacion-incyde-fomentan-el-emprendimiento-en-gran-canaria-con-8-nuevas-acciones-formativas-gratuitas\/","title":{"rendered":"La SPEGC y la Fundaci\u00f3n INCYDE fomentan el emprendimiento en Gran Canaria con 8 nuevas acciones formativas gratuitas"},"content":{"rendered":"<p class=\"wp-block-paragraph\">La Sociedad de Promoci\u00f3n Econ\u00f3mica de Gran Canaria (SPEGC), en colaboraci\u00f3n con la Fundaci\u00f3n INCYDE, pone en marcha un paquete de 8 nuevas acciones formativas en el marco del Plan de Recuperaci\u00f3n de Empleo y Creaci\u00f3n de Empresas (PRECE Canarias).&nbsp;<\/p>\n<p class=\"wp-block-paragraph\">Estos programas acercan una formaci\u00f3n especializada y gratuita en emprendimiento y habilidades digitales a distintos puntos de la isla y est\u00e1n dirigidos a personas emprendedoras, aut\u00f3nomos y desempleados.&nbsp;<\/p>\n<p class=\"wp-block-paragraph\">El proyecto da continuidad al \u00e9xito de la convocatoria anterior &#8211;<a href=\"https:\/\/www.spegc.org\/140-personas-finalizan-seis-programas-de-emprendimiento-impulsados-por-el-cabildo-y-la-fundacion-incyde\/\">celebrada en el segundo trimestre del a\u00f1o con seis programas y m\u00e1s de 140 participantes<\/a>-, reforzando el compromiso institucional de fomentar el tejido empresarial insular.&nbsp;<\/p>\n<p class=\"wp-block-paragraph\">Los programas presenciales se desarrollar\u00e1n hasta diciembre de 2026 en los municipios de Las Palmas de Gran Canaria, Santa Br\u00edgida, Santa Luc\u00eda de Tirajana, Arucas, Telde y G\u00e1ldar. La iniciativa cuenta con la estrecha colaboraci\u00f3n de los respectivos ayuntamientos implicados, contribuyendo de manera directa al fortalecimiento de los ecosistemas empresariales locales, al impulso del desarrollo econ\u00f3mico y la competitividad en todo el territorio insular.&nbsp;<\/p>\n<p class=\"wp-block-paragraph\">Cada una de estas acciones formativas combina clases grupales con tutor\u00edas individualizadas, orientadas a la elaboraci\u00f3n y consolidaci\u00f3n de planes de negocio viables. Las iniciativas abarcan sectores y tem\u00e1ticas diversas, como:<\/p>\n<ul class=\"wp-block-list\">\n<li><em>Transformaci\u00f3n digital, gesti\u00f3n empresarial y emprendimiento en las industrias culturales y creativas<\/em>. Las Palmas de Gran Canaria. Fecha de inicio: 20\/07\/2026<\/li>\n<li><a href=\"https:\/\/www.spegc.org\/formacion-y-eventos\/prece-canarias-emprendimiento-y-digitalizacion-en-el-sector-artesanal-las-palmas-de-gran-canaria-2\/\"><em>Emprendimiento y Digitalizaci\u00f3n en el sector artesanal.<\/em> Las Palmas de Gran Canaria. Fecha de inicio: 21\/09\/2026<\/a><\/li>\n<li><em>Convierte tu idea en negocio, mejora tu carrera profesional. <\/em>Santa Br\u00edgida PRECE Canarias. Fecha de inicio: 05\/10\/2026<\/li>\n<li><em>Emprendimiento en e-commerce y negocios digitales.<\/em> Santa Luc\u00eda de Tirajana. Fecha de inicio: &nbsp;13\/10\/2026<\/li>\n<li><em><a href=\"https:\/\/www.spegc.org\/formacion-y-eventos\/prece-canarias-crea-tu-futuro-con-ia-herramientas-sencillas-para-el-mundo-empresarial-arucas\/\" data-type=\"link\" data-id=\"https:\/\/www.spegc.org\/formacion-y-eventos\/prece-canarias-crea-tu-futuro-con-ia-herramientas-sencillas-para-el-mundo-empresarial-arucas\/\">Crea tu futuro con IA, herramientas sencillas para el mundo empresarial.<\/a> <\/em>Arucas. Fecha de inicio: 13\/10\/2026<\/li>\n<li><em><a href=\"https:\/\/www.spegc.org\/formacion-y-eventos\/prece-canarias-emprendimiento-en-e-commerce-y-negocios-digitales-telde\/\" data-type=\"link\" data-id=\"https:\/\/www.spegc.org\/formacion-y-eventos\/prece-canarias-emprendimiento-en-e-commerce-y-negocios-digitales-telde\/\">Emprendimiento en e-commerce y negocios digitales<\/a>.<\/em> Telde. fecha de inicio: 19\/10\/2026<\/li>\n<li><em>Crea tu futuro con IA, herramientas sencillas para el mundo empresarial. <\/em>Santa Br\u00edgida. Fecha de inicio: 02\/11\/2026<\/li>\n<li><em><a href=\"https:\/\/www.spegc.org\/formacion-y-eventos\/prece-canarias-transformacion-digital-gestion-empresarial-y-emprendimiento-en-las-industrias-culturales-y-creativas-galdar\/\" data-type=\"link\" data-id=\"https:\/\/www.spegc.org\/formacion-y-eventos\/prece-canarias-transformacion-digital-gestion-empresarial-y-emprendimiento-en-las-industrias-culturales-y-creativas-galdar\/\">Transformaci\u00f3n digital, gesti\u00f3n empresarial y emprendimiento en las industrias culturales y creativas<\/a><\/em>. G\u00e1ldar. Fecha de inicio: 09\/11\/2026<\/li>\n<\/ul>\n<p class=\"wp-block-paragraph\">Las personas interesadas en inscribirse en cada formaci\u00f3n podr\u00e1n realizarlo a<a href=\"https:\/\/www.spegc.org\/formacion-y-eventos\/\"> trav\u00e9s de la p\u00e1gina web de la SPEGC<\/a>.<\/p>\n<p class=\"wp-block-paragraph\">\n","protected":false},"excerpt":{"rendered":"<p>La Sociedad de Promoci\u00f3n Econ\u00f3mica de Gran Canaria (SPEGC), en colaboraci\u00f3n con la Fundaci\u00f3n INCYDE, pone en marcha un paquete de 8 nuevas acciones formativas en el marco del Plan&hellip;<\/p>\n","protected":false},"author":1,"featured_media":2831,"comment_status":"open","ping_status":"open","sticky":false,"template":"","format":"standard","meta":{"wpai_generated_summary":"","wpai_meta_description":"","footnotes":""},"categories":[121],"tags":[],"class_list":["post-2830","post","type-post","status-publish","format-standard","has-post-thumbnail","hentry","category-noticias"],"_links":{"self":[{"href":"https:\/\/nublo.tv\/index.php\/wp-json\/wp\/v2\/posts\/2830","targetHints":{"allow":["GET"]}}],"collection":[{"href":"https:\/\/nublo.tv\/index.php\/wp-json\/wp\/v2\/posts"}],"about":[{"href":"https:\/\/nublo.tv\/index.php\/wp-json\/wp\/v2\/types\/post"}],"author":[{"embeddable":true,"href":"https:\/\/nublo.tv\/index.php\/wp-json\/wp\/v2\/users\/1"}],"replies":[{"embeddable":true,"href":"https:\/\/nublo.tv\/index.php\/wp-json\/wp\/v2\/comments?post=2830"}],"version-history":[{"count":1,"href":"https:\/\/nublo.tv\/index.php\/wp-json\/wp\/v2\/posts\/2830\/revisions"}],"predecessor-version":[{"id":3030,"href":"https:\/\/nublo.tv\/index.php\/wp-json\/wp\/v2\/posts\/2830\/revisions\/3030"}],"wp:featuredmedia":[{"embeddable":true,"href":"https:\/\/nublo.tv\/index.php\/wp-json\/wp\/v2\/media\/2831"}],"wp:attachment":[{"href":"https:\/\/nublo.tv\/index.php\/wp-json\/wp\/v2\/media?parent=2830"}],"wp:term":[{"taxonomy":"category","embeddable":true,"href":"https:\/\/nublo.tv\/index.php\/wp-json\/wp\/v2\/categories?post=2830"},{"taxonomy":"post_tag","embeddable":true,"href":"https:\/\/nublo.tv\/index.php\/wp-json\/wp\/v2\/tags?post=2830"}],"curies":[{"name":"wp","href":"https:\/\/api.w.org\/{rel}","templated":true}]}}