{"id":2832,"date":"2026-08-10T19:19:22","date_gmt":"2026-08-10T18:19:22","guid":{"rendered":"https:\/\/nublo.tv\/?p=2832"},"modified":"2026-08-27T12:35:26","modified_gmt":"2026-08-27T11:35:26","slug":"la-spegc-licita-su-servicio-de-asesoria-juridico-laboral-nominas-y-consultoria-en-recursos-humanos","status":"publish","type":"post","link":"https:\/\/nublo.tv\/index.php\/2026\/08\/10\/la-spegc-licita-su-servicio-de-asesoria-juridico-laboral-nominas-y-consultoria-en-recursos-humanos\/","title":{"rendered":"La SPEGC licita su servicio de asesor\u00eda jur\u00eddico-laboral, n\u00f3minas y consultor\u00eda en recursos humanos"},"content":{"rendered":"<p class=\"wp-block-paragraph\">La Sociedad de Promoci\u00f3n Econ\u00f3mica de Gran Canaria (SPEGC) ha sacado a licitaci\u00f3n p\u00fablica el contrato para la prestaci\u00f3n del servicio de asesoramiento jur\u00eddico-laboral, gesti\u00f3n de n\u00f3minas y consultor\u00eda en Recursos Humanos para la entidad y su participada, la Sociedad para el Desarrollo de las Telecomunicaciones de Gran Canaria (SODETEGC).&nbsp;<\/p>\n<p class=\"wp-block-paragraph\">La contrataci\u00f3n responde a la necesidad de dotar de una gesti\u00f3n de personal unificada y de alta especializaci\u00f3n t\u00e9cnica para atender la proyecci\u00f3n de crecimiento de su plantilla conjunta, as\u00ed como la coordinaci\u00f3n de su personal desplazado internacionalmente. Las empresas interesadas podr\u00e1n presentar sus propuestas<a href=\"https:\/\/contrataciondelestado.es\/wps\/portal\/plataforma\/buscadores\/detalle\/!ut\/p\/z1\/hU_JDoIwFPwi09cCBY4spRRBiixKL4TExJCwGGP4fovRo_puk1neDFLojNTcr8O1fwzL3I8at4p2JsuDIIoJOKURAknDuqbxBglq0OmfRGkavpwH2q9eEssIzCZpJC0FBxBxFKY1toAT-hb8yGh1B7vzGlZ4wjUg94-6QyKzSnKCASiq5-U-6T3lljVc2DqiVjPEAcs2P37OQWCfg4n3hxCotFnCimp78c9_myJX7NqpyyrvCewGLjQ!\/dz\/d5\/L2dBISEvZ0FBIS9nQSEh\/\"> a trav\u00e9s de la Plataforma de Contrataci\u00f3n del Sector P\u00fablico<\/a> hasta el pr\u00f3ximo 15 de septiembre de 2026.&nbsp;<\/p>\n<p class=\"wp-block-paragraph\">El contrato tiene un valor estimado de 96.301,87 euros y contempla un plazo de ejecuci\u00f3n inicial de dos a\u00f1os, prorrogable por periodos anuales hasta un m\u00e1ximo de tres a\u00f1os adicionales.<\/p>\n<p class=\"wp-block-paragraph\">El objeto del contrato trasciende la mera gesti\u00f3n documental, configur\u00e1ndose como un servicio de asesoramiento integral jur\u00eddico-laboral, apoyo t\u00e9cnico, consultor\u00eda en gesti\u00f3n de recursos humanos, gesti\u00f3n de n\u00f3minas, tramitaci\u00f3n ante la Seguridad Social, defensa letrada ante organismos administrativos y judiciales, y cualquier otra tarea derivada de las relaciones laborales de la SPEGC y su filial SODETEGC.<\/p>\n","protected":false},"excerpt":{"rendered":"<p>La Sociedad de Promoci\u00f3n Econ\u00f3mica de Gran Canaria (SPEGC) ha sacado a licitaci\u00f3n p\u00fablica el contrato para la prestaci\u00f3n del servicio de asesoramiento jur\u00eddico-laboral, gesti\u00f3n de n\u00f3minas y consultor\u00eda en&hellip;<\/p>\n","protected":false},"author":1,"featured_media":2833,"comment_status":"open","ping_status":"open","sticky":false,"template":"","format":"standard","meta":{"wpai_generated_summary":"","wpai_meta_description":"","footnotes":""},"categories":[148],"tags":[],"class_list":["post-2832","post","type-post","status-publish","format-standard","has-post-thumbnail","hentry","category-cabildo-de-gran-canaria"],"_links":{"self":[{"href":"https:\/\/nublo.tv\/index.php\/wp-json\/wp\/v2\/posts\/2832","targetHints":{"allow":["GET"]}}],"collection":[{"href":"https:\/\/nublo.tv\/index.php\/wp-json\/wp\/v2\/posts"}],"about":[{"href":"https:\/\/nublo.tv\/index.php\/wp-json\/wp\/v2\/types\/post"}],"author":[{"embeddable":true,"href":"https:\/\/nublo.tv\/index.php\/wp-json\/wp\/v2\/users\/1"}],"replies":[{"embeddable":true,"href":"https:\/\/nublo.tv\/index.php\/wp-json\/wp\/v2\/comments?post=2832"}],"version-history":[{"count":1,"href":"https:\/\/nublo.tv\/index.php\/wp-json\/wp\/v2\/posts\/2832\/revisions"}],"predecessor-version":[{"id":3027,"href":"https:\/\/nublo.tv\/index.php\/wp-json\/wp\/v2\/posts\/2832\/revisions\/3027"}],"wp:featuredmedia":[{"embeddable":true,"href":"https:\/\/nublo.tv\/index.php\/wp-json\/wp\/v2\/media\/2833"}],"wp:attachment":[{"href":"https:\/\/nublo.tv\/index.php\/wp-json\/wp\/v2\/media?parent=2832"}],"wp:term":[{"taxonomy":"category","embeddable":true,"href":"https:\/\/nublo.tv\/index.php\/wp-json\/wp\/v2\/categories?post=2832"},{"taxonomy":"post_tag","embeddable":true,"href":"https:\/\/nublo.tv\/index.php\/wp-json\/wp\/v2\/tags?post=2832"}],"curies":[{"name":"wp","href":"https:\/\/api.w.org\/{rel}","templated":true}]}}