{"id":2834,"date":"2026-08-10T19:19:18","date_gmt":"2026-08-10T18:19:18","guid":{"rendered":"https:\/\/nublo.tv\/?p=2834"},"modified":"2026-08-27T12:35:26","modified_gmt":"2026-08-27T11:35:26","slug":"la-spegc-se-incorpora-a-la-red-pidi-para-impulsar-el-acceso-a-la-financiacion-en-idi","status":"publish","type":"post","link":"https:\/\/nublo.tv\/index.php\/2026\/08\/10\/la-spegc-se-incorpora-a-la-red-pidi-para-impulsar-el-acceso-a-la-financiacion-en-idi\/","title":{"rendered":"La SPEGC se incorpora a la Red PIDi para impulsar el acceso a la financiaci\u00f3n en I+D+i"},"content":{"rendered":"<p class=\"wp-block-paragraph\">La Sociedad de Promoci\u00f3n Econ\u00f3mica de Gran Canaria (SPEGC) ha formalizado su incorporaci\u00f3n a la Red de Puntos de Informaci\u00f3n sobre Investigaci\u00f3n, Desarrollo e Innovaci\u00f3n (Red PIDi), una estructura impulsada por el Centro para el Desarrollo Tecnol\u00f3gico e Innovaci\u00f3n (CDTI), organismo dependiente del Ministerio de Ciencia, Innovaci\u00f3n y Universidades.&nbsp;<\/p>\n<p class=\"wp-block-paragraph\">La adhesi\u00f3n de la SPEGC a la Red PIDi facilitar\u00e1 a las empresas y personas emprendedoras de la isla un punto de contacto para acceder a informaci\u00f3n y asesoramiento sobre las distintas l\u00edneas de financiaci\u00f3n p\u00fablica en materia de I+D+i.&nbsp;<\/p>\n<p class=\"wp-block-paragraph\">La Red PIDi es una red p\u00fablica descentralizada compuesta por centros tecnol\u00f3gicos, c\u00e1maras de comercio, agencias de desarrollo e instituciones p\u00fablicas dedicadas a la promoci\u00f3n de la innovaci\u00f3n. Su objetivo principal es prestar un servicio gratuito y personalizado de informaci\u00f3n, orientaci\u00f3n y asesoramiento a empresas y emprendedores sobre las l\u00edneas de apoyo p\u00fablico m\u00e1s adecuadas, seg\u00fan la tipolog\u00eda y la fase de desarrollo de sus proyectos de I+D+i. La red abarca convocatorias de financiaci\u00f3n en todos los niveles administrativos, desde incentivos auton\u00f3micos y nacionales (como las ayudas NEOTEC o las misiones de I+D) hasta programas europeos de envergadura como <em>Horizonte Europa<\/em>.<\/p>\n","protected":false},"excerpt":{"rendered":"<p>La Sociedad de Promoci\u00f3n Econ\u00f3mica de Gran Canaria (SPEGC) ha formalizado su incorporaci\u00f3n a la Red de Puntos de Informaci\u00f3n sobre Investigaci\u00f3n, Desarrollo e Innovaci\u00f3n (Red PIDi), una estructura impulsada&hellip;<\/p>\n","protected":false},"author":1,"featured_media":2835,"comment_status":"open","ping_status":"open","sticky":false,"template":"","format":"standard","meta":{"wpai_generated_summary":"","wpai_meta_description":"","footnotes":""},"categories":[148],"tags":[],"class_list":["post-2834","post","type-post","status-publish","format-standard","has-post-thumbnail","hentry","category-cabildo-de-gran-canaria"],"_links":{"self":[{"href":"https:\/\/nublo.tv\/index.php\/wp-json\/wp\/v2\/posts\/2834","targetHints":{"allow":["GET"]}}],"collection":[{"href":"https:\/\/nublo.tv\/index.php\/wp-json\/wp\/v2\/posts"}],"about":[{"href":"https:\/\/nublo.tv\/index.php\/wp-json\/wp\/v2\/types\/post"}],"author":[{"embeddable":true,"href":"https:\/\/nublo.tv\/index.php\/wp-json\/wp\/v2\/users\/1"}],"replies":[{"embeddable":true,"href":"https:\/\/nublo.tv\/index.php\/wp-json\/wp\/v2\/comments?post=2834"}],"version-history":[{"count":1,"href":"https:\/\/nublo.tv\/index.php\/wp-json\/wp\/v2\/posts\/2834\/revisions"}],"predecessor-version":[{"id":3026,"href":"https:\/\/nublo.tv\/index.php\/wp-json\/wp\/v2\/posts\/2834\/revisions\/3026"}],"wp:featuredmedia":[{"embeddable":true,"href":"https:\/\/nublo.tv\/index.php\/wp-json\/wp\/v2\/media\/2835"}],"wp:attachment":[{"href":"https:\/\/nublo.tv\/index.php\/wp-json\/wp\/v2\/media?parent=2834"}],"wp:term":[{"taxonomy":"category","embeddable":true,"href":"https:\/\/nublo.tv\/index.php\/wp-json\/wp\/v2\/categories?post=2834"},{"taxonomy":"post_tag","embeddable":true,"href":"https:\/\/nublo.tv\/index.php\/wp-json\/wp\/v2\/tags?post=2834"}],"curies":[{"name":"wp","href":"https:\/\/api.w.org\/{rel}","templated":true}]}}