{"id":2836,"date":"2026-08-10T19:19:16","date_gmt":"2026-08-10T18:19:16","guid":{"rendered":"https:\/\/nublo.tv\/?p=2836"},"modified":"2026-08-27T12:35:26","modified_gmt":"2026-08-27T11:35:26","slug":"la-sociedad-de-promocion-economica-de-gran-canaria-licita-el-servicio-de-mantenimiento-de-sus-edificios-e-instalaciones","status":"publish","type":"post","link":"https:\/\/nublo.tv\/index.php\/2026\/08\/10\/la-sociedad-de-promocion-economica-de-gran-canaria-licita-el-servicio-de-mantenimiento-de-sus-edificios-e-instalaciones\/","title":{"rendered":"La Sociedad de Promoci\u00f3n Econ\u00f3mica de Gran Canaria licita el servicio de mantenimiento de sus edificios e instalaciones"},"content":{"rendered":"<p class=\"wp-block-paragraph\">La Sociedad de Promoci\u00f3n Econ\u00f3mica de Gran Canaria (SPEGC), entidad dependiente del Cabildo de Gran Canaria, ha sacado a licitaci\u00f3n el servicio de reparaci\u00f3n y mantenimiento de equipos de edificios e instalaciones. El contrato tiene un valor estimado de 1.195.404,65 euros y contempla un plazo de ejecuci\u00f3n inicial de dos a\u00f1os, ampliable por un a\u00f1o adicional mediante pr\u00f3rroga. El plazo para la presentaci\u00f3n de ofertas permanecer\u00e1 abierto hasta el 18 de septiembre de 2026 <a href=\"https:\/\/contrataciondelestado.es\/wps\/portal\/plataforma\/buscadores\/detalle\/!ut\/p\/z1\/hU_JDoIwFPwi09cCBY4spRRBiixKL4TExJCwGGP4fovhqr7bZJY3gxS6IjX363DvX8My96PGraKdyfIgiGICTmmEQNKwrmm8QYIadPknUZqGL-eB9quPxDICs0kaSUvBAUQchWmNLeCE7oIfGa3uYHdewwpPuAbk_ll3SGRWSU4wAEX1vDwnvafcsoYbW0fUaoZQ1zHA3v2cg8A-BxMfTyFQabOEFdX24p__MUWuOLRTl1XeG_CN4KM!\/dz\/d5\/L2dBISEvZ0FBIS9nQSEh\/\">a trav\u00e9s de la Plataforma de Contrataci\u00f3n del Sector P\u00fablico<\/a>.&nbsp;<\/p>\n<p class=\"wp-block-paragraph\">El objetivo de esta contrataci\u00f3n es la prestaci\u00f3n del servicio de mantenimiento preventivo, t\u00e9cnico-legal, correctivo y conductivo de los inmuebles de la SPEGC. Con esta adjudicaci\u00f3n, la SPEGC tiene como objetivo mantener las instalaciones permanentemente operativas, responsabiliz\u00e1ndose la empresa adjudicataria de mantenerlas en perfecto estado de conservaci\u00f3n y funcionamiento, cumpliendo todas las exigencias legales aplicables. Igualmente tiene que posibilitar tambi\u00e9n el asegurar la plena funcionalidad durante la vida \u00fatil de los equipos e instalaciones, y los elementos constructivos que componen los edificios y locales.&nbsp;<\/p>\n<p class=\"wp-block-paragraph\">Entre las instalaciones a mantener, gestionadas por la SPEGC y dentro del contrato, se incluye \u2018Gran Canaria Plat\u00f3s\u2019, compuesto por dos plat\u00f3s de 1.200 m2 y 1.800 m2 e instalaciones anexas, que se encuentran en pleno funcionamiento y comercializaci\u00f3n para la realizaci\u00f3n de producciones audiovisuales.&nbsp;<\/p>\n<p class=\"wp-block-paragraph\">Para garantizar una adecuada preparaci\u00f3n de las ofertas y que los licitadores interesados conozcan de primera mano el estado&nbsp; de conservaci\u00f3n, el lugar, el entorno, la ubicaci\u00f3n y la disposici\u00f3n de las instalaciones, la SPEGC facilitar\u00e1 visitas a los inmuebles. Los interesados pueden consultar en la <a href=\"https:\/\/contrataciondelestado.es\/wps\/portal\/plataforma\/buscadores\/detalle\/!ut\/p\/z1\/hU_JDoIwFPwi09cCBY4spRRBiixKL4TExJCwGGP4fovhqr7bZJY3gxS6IjX363DvX8My96PGraKdyfIgiGICTmmEQNKwrmm8QYIadPknUZqGL-eB9quPxDICs0kaSUvBAUQchWmNLeCE7oIfGa3uYHdewwpPuAbk_ll3SGRWSU4wAEX1vDwnvafcsoYbW0fUaoZQ1zHA3v2cg8A-BxMfTyFQabOEFdX24p__MUWuOLRTl1XeG_CN4KM!\/dz\/d5\/L2dBISEvZ0FBIS9nQSEh\/\">Plataforma de Contrataci\u00f3n del Sector P\u00fablico<\/a> las fechas programadas para las visitas y el procedimiento para solicitarlas.<\/p>\n","protected":false},"excerpt":{"rendered":"<p>La Sociedad de Promoci\u00f3n Econ\u00f3mica de Gran Canaria (SPEGC), entidad dependiente del Cabildo de Gran Canaria, ha sacado a licitaci\u00f3n el servicio de reparaci\u00f3n y mantenimiento de equipos de edificios&hellip;<\/p>\n","protected":false},"author":1,"featured_media":2837,"comment_status":"open","ping_status":"open","sticky":false,"template":"","format":"standard","meta":{"wpai_generated_summary":"","wpai_meta_description":"","footnotes":""},"categories":[148],"tags":[],"class_list":["post-2836","post","type-post","status-publish","format-standard","has-post-thumbnail","hentry","category-cabildo-de-gran-canaria"],"_links":{"self":[{"href":"https:\/\/nublo.tv\/index.php\/wp-json\/wp\/v2\/posts\/2836","targetHints":{"allow":["GET"]}}],"collection":[{"href":"https:\/\/nublo.tv\/index.php\/wp-json\/wp\/v2\/posts"}],"about":[{"href":"https:\/\/nublo.tv\/index.php\/wp-json\/wp\/v2\/types\/post"}],"author":[{"embeddable":true,"href":"https:\/\/nublo.tv\/index.php\/wp-json\/wp\/v2\/users\/1"}],"replies":[{"embeddable":true,"href":"https:\/\/nublo.tv\/index.php\/wp-json\/wp\/v2\/comments?post=2836"}],"version-history":[{"count":1,"href":"https:\/\/nublo.tv\/index.php\/wp-json\/wp\/v2\/posts\/2836\/revisions"}],"predecessor-version":[{"id":3025,"href":"https:\/\/nublo.tv\/index.php\/wp-json\/wp\/v2\/posts\/2836\/revisions\/3025"}],"wp:featuredmedia":[{"embeddable":true,"href":"https:\/\/nublo.tv\/index.php\/wp-json\/wp\/v2\/media\/2837"}],"wp:attachment":[{"href":"https:\/\/nublo.tv\/index.php\/wp-json\/wp\/v2\/media?parent=2836"}],"wp:term":[{"taxonomy":"category","embeddable":true,"href":"https:\/\/nublo.tv\/index.php\/wp-json\/wp\/v2\/categories?post=2836"},{"taxonomy":"post_tag","embeddable":true,"href":"https:\/\/nublo.tv\/index.php\/wp-json\/wp\/v2\/tags?post=2836"}],"curies":[{"name":"wp","href":"https:\/\/api.w.org\/{rel}","templated":true}]}}