{"id":2838,"date":"2026-08-10T19:19:13","date_gmt":"2026-08-10T18:19:13","guid":{"rendered":"https:\/\/nublo.tv\/?p=2838"},"modified":"2026-08-27T12:35:26","modified_gmt":"2026-08-27T11:35:26","slug":"gran-canaria-avanza-en-la-transicion-sostenible-para-producciones-audiovisuales-con-la-celebracion-del-green-film-lab","status":"publish","type":"post","link":"https:\/\/nublo.tv\/index.php\/2026\/08\/10\/gran-canaria-avanza-en-la-transicion-sostenible-para-producciones-audiovisuales-con-la-celebracion-del-green-film-lab\/","title":{"rendered":"Gran Canaria avanza en la transici\u00f3n sostenible para producciones audiovisuales con la celebraci\u00f3n del Green Film Lab"},"content":{"rendered":"<p class=\"wp-block-paragraph\">Gran Canaria se convierte desde este viernes, 24 de julio, en la sede oficial del Green Film Lab Workshop 2026, una formaci\u00f3n internacional especializada en sostenibilidad aplicada a la industria audiovisual que se desarrollar\u00e1 en la isla durante el fin de semana del 24 al 26 de julio. La iniciativa est\u00e1 organizada por el Museo Nazionale del Cinema-Fondazione Maria Adriana Prolo, con el apoyo de la Sociedad de Promoci\u00f3n Econ\u00f3mica de Gran Canaria, a trav\u00e9s de la Gran Canaria Film Commission, y la colaboraci\u00f3n del Cl\u00faster Audiovisual de Canarias.\u00a0<\/p>\n<p class=\"wp-block-paragraph\">El Green Film Lab forma parte de las actividades impulsadas por TorinoFilmLab, una de las plataformas de formaci\u00f3n y desarrollo cinematogr\u00e1fico m\u00e1s prestigiosas de Europa. Esta iniciativa promueve pr\u00e1cticas de producci\u00f3n ambientalmente sostenible y ofrece una visi\u00f3n pr\u00e1ctica sobre la implementaci\u00f3n de protocolos verdes y la obtenci\u00f3n de certificaciones ecol\u00f3gicas en proyectos audiovisuales. Su meta es sensibilizar al sector sobre la reducci\u00f3n del impacto ambiental de las producciones y fomentar modelos de trabajo m\u00e1s responsables y eficientes.&nbsp;<\/p>\n<p class=\"wp-block-paragraph\">Durante las tres jornadas intensivas, los participantes trabajar\u00e1n en equipos multidisciplinares para abordar aspectos clave de la sostenibilidad en los rodajes, como el consumo energ\u00e9tico, el transporte, el alojamiento, la restauraci\u00f3n, la gesti\u00f3n de residuos o el impacto social de las producciones. Adem\u00e1s, desarrollar\u00e1n planes de sostenibilidad simulados basados en estudios de caso reales, en sesiones con expertos internacionales y en el Sistema Paneuropeo de Calificaci\u00f3n de Pel\u00edculas Verdes.<\/p>\n<p class=\"wp-block-paragraph\">La jornada del s\u00e1bado 25 de julio, con puertas abiertas, se celebrar\u00e1 en la Fundaci\u00f3n Universitaria de Las Palmas, reuniendo a un perfil variado de profesionales de la industria audiovisual internacional y del sector audiovisual de las Islas Canarias, y fomentando un espacio de intercambio de conocimientos y networking.<\/p>\n","protected":false},"excerpt":{"rendered":"<p>Gran Canaria se convierte desde este viernes, 24 de julio, en la sede oficial del Green Film Lab Workshop 2026, una formaci\u00f3n internacional especializada en sostenibilidad aplicada a la industria&hellip;<\/p>\n","protected":false},"author":1,"featured_media":2839,"comment_status":"open","ping_status":"open","sticky":false,"template":"","format":"standard","meta":{"wpai_generated_summary":"","wpai_meta_description":"","footnotes":""},"categories":[148],"tags":[],"class_list":["post-2838","post","type-post","status-publish","format-standard","has-post-thumbnail","hentry","category-cabildo-de-gran-canaria"],"_links":{"self":[{"href":"https:\/\/nublo.tv\/index.php\/wp-json\/wp\/v2\/posts\/2838","targetHints":{"allow":["GET"]}}],"collection":[{"href":"https:\/\/nublo.tv\/index.php\/wp-json\/wp\/v2\/posts"}],"about":[{"href":"https:\/\/nublo.tv\/index.php\/wp-json\/wp\/v2\/types\/post"}],"author":[{"embeddable":true,"href":"https:\/\/nublo.tv\/index.php\/wp-json\/wp\/v2\/users\/1"}],"replies":[{"embeddable":true,"href":"https:\/\/nublo.tv\/index.php\/wp-json\/wp\/v2\/comments?post=2838"}],"version-history":[{"count":1,"href":"https:\/\/nublo.tv\/index.php\/wp-json\/wp\/v2\/posts\/2838\/revisions"}],"predecessor-version":[{"id":3024,"href":"https:\/\/nublo.tv\/index.php\/wp-json\/wp\/v2\/posts\/2838\/revisions\/3024"}],"wp:featuredmedia":[{"embeddable":true,"href":"https:\/\/nublo.tv\/index.php\/wp-json\/wp\/v2\/media\/2839"}],"wp:attachment":[{"href":"https:\/\/nublo.tv\/index.php\/wp-json\/wp\/v2\/media?parent=2838"}],"wp:term":[{"taxonomy":"category","embeddable":true,"href":"https:\/\/nublo.tv\/index.php\/wp-json\/wp\/v2\/categories?post=2838"},{"taxonomy":"post_tag","embeddable":true,"href":"https:\/\/nublo.tv\/index.php\/wp-json\/wp\/v2\/tags?post=2838"}],"curies":[{"name":"wp","href":"https:\/\/api.w.org\/{rel}","templated":true}]}}