{"id":2840,"date":"2026-08-10T19:19:10","date_gmt":"2026-08-10T18:19:10","guid":{"rendered":"https:\/\/nublo.tv\/?p=2840"},"modified":"2026-08-27T12:35:26","modified_gmt":"2026-08-27T11:35:26","slug":"el-cabildo-de-gran-canaria-anuncia-la-licitacion-de-datagran-su-plataforma-inteligente-para-el-analisis-de-datos","status":"publish","type":"post","link":"https:\/\/nublo.tv\/index.php\/2026\/08\/10\/el-cabildo-de-gran-canaria-anuncia-la-licitacion-de-datagran-su-plataforma-inteligente-para-el-analisis-de-datos\/","title":{"rendered":"El Cabildo de Gran Canaria anuncia la licitaci\u00f3n de DATAGRAN, su plataforma inteligente para el an\u00e1lisis de datos"},"content":{"rendered":"<p class=\"wp-block-paragraph\">El Cabildo de Gran Canaria, a trav\u00e9s de la Sociedad para el Desarrollo de las Telecomunicaciones de Gran Canaria (SODETEGC), ha publicado la licitaci\u00f3n p\u00fablica del contrato \u2018DATAGRAN 2: infraestructura como servicio en la nube (IaaS) y prestaci\u00f3n de servicios profesionales para su continuaci\u00f3n y evoluci\u00f3n\u2019. El nuevo contrato asegurar\u00e1 durante dos a\u00f1os la continuidad, el mantenimiento, la seguridad y la evoluci\u00f3n de DATAGRAN, la plataforma de interoperabilidad, explotaci\u00f3n y anal\u00edtica de datos del Cabildo de Gran Canaria.\u00a0<\/p>\n<p class=\"wp-block-paragraph\">El plazo para la presentaci\u00f3n de ofertas permanecer\u00e1 abierto hasta el 15 de septiembre de 2026 <a href=\"https:\/\/contrataciondelestado.es\/wps\/portal\/plataforma\/buscadores\/detalle\/!ut\/p\/z1\/hU_JDoIwFPwi09cWChxZSimCgCxKL4TExJCwGGP4fovhqr7bZJY3gxS6IjX363DvX8My96PGrWKdwTPfDyMCdkkDIElQ1yzaIEENuvyTKE3Dl3NB-9VHYlLfaOImZ6UUADIKg6TGJgjCdsGPjFZ3sDq34YUrHQqZd9Yd4jytckEwAEP1vDwnvafcsoYbX0fUasamhoWpvfuFAIk9AQY-ngJgucVjXlTbi3_-xxQ68tBOXVq5b_QgEnU!\/dz\/d5\/L2dBISEvZ0FBIS9nQSEh\/\">a trav\u00e9s de la Plataforma de Contrataci\u00f3n del Sector P\u00fablico<\/a>. El valor estimado del contrato supera los 870.000 euros, incluida la posibilidad de una pr\u00f3rroga de hasta 12 meses.<\/p>\n<p class=\"wp-block-paragraph\">Con esta nueva contrataci\u00f3n, el Cabildo de Gran Canaria consolida su infraestructura de datos y garantiza que DATAGRAN siga funcionando de forma segura, estable y evolutiva. La contrataci\u00f3n da continuidad a una plataforma ya desplegada y en producci\u00f3n, que integra informaci\u00f3n y servicios de varios \u00e1mbitos como turismo, emergencias, energ\u00eda, agua, sostenibilidad, sens\u00f3rica territorial y eventos.<\/p>\n<p class=\"wp-block-paragraph\">El nuevo contrato proporcionar\u00e1 la infraestructura en la nube y un servicio t\u00e9cnico especializado, que garantizar\u00e1 la continuidad operativa, permitiendo la evoluci\u00f3n tecnol\u00f3gica y funcional de la plataforma.<\/p>\n<p class=\"wp-block-paragraph\">Sobre DATAGRAN<\/p>\n<p class=\"wp-block-paragraph\">DATAGRAN es la herramienta corporativa del Cabildo de Gran Canaria para la interoperabilidad, la anal\u00edtica y la explotaci\u00f3n de la informaci\u00f3n. Su papel es esencial dentro del Plan Estrat\u00e9gico de Gobernanza e Innovaci\u00f3n P\u00fablica (PEGIP), actuando como la infraestructura vertebradora sobre la que numerosos proyectos verticales se apoyan para compartir grandes vol\u00famenes de datos, interoperar y generar inteligencia.<\/p>\n<p class=\"wp-block-paragraph\">Entre las soluciones, que han sido desarrolladas por SODETEGC y la Sociedad de Promoci\u00f3n Econ\u00f3mica de Gran Canaria (SPEGC), que se soportan actualmente en esta plataforma, se encuentran SITGRAN, ALERTAGRAN, ENERGIGRAN, AQUAGRAN, el Portal Insular de Eventos, SENSOGRAN y las actuaciones de digitalizaci\u00f3n incluidas en los tres planes de sostenibilidad tur\u00edstica, gestionados por el Cabildo de Gran Canaria.<\/p>\n","protected":false},"excerpt":{"rendered":"<p>El Cabildo de Gran Canaria, a trav\u00e9s de la Sociedad para el Desarrollo de las Telecomunicaciones de Gran Canaria (SODETEGC), ha publicado la licitaci\u00f3n p\u00fablica del contrato \u2018DATAGRAN 2: infraestructura&hellip;<\/p>\n","protected":false},"author":1,"featured_media":2841,"comment_status":"open","ping_status":"open","sticky":false,"template":"","format":"standard","meta":{"wpai_generated_summary":"","wpai_meta_description":"","footnotes":""},"categories":[148],"tags":[],"class_list":["post-2840","post","type-post","status-publish","format-standard","has-post-thumbnail","hentry","category-cabildo-de-gran-canaria"],"_links":{"self":[{"href":"https:\/\/nublo.tv\/index.php\/wp-json\/wp\/v2\/posts\/2840","targetHints":{"allow":["GET"]}}],"collection":[{"href":"https:\/\/nublo.tv\/index.php\/wp-json\/wp\/v2\/posts"}],"about":[{"href":"https:\/\/nublo.tv\/index.php\/wp-json\/wp\/v2\/types\/post"}],"author":[{"embeddable":true,"href":"https:\/\/nublo.tv\/index.php\/wp-json\/wp\/v2\/users\/1"}],"replies":[{"embeddable":true,"href":"https:\/\/nublo.tv\/index.php\/wp-json\/wp\/v2\/comments?post=2840"}],"version-history":[{"count":1,"href":"https:\/\/nublo.tv\/index.php\/wp-json\/wp\/v2\/posts\/2840\/revisions"}],"predecessor-version":[{"id":3023,"href":"https:\/\/nublo.tv\/index.php\/wp-json\/wp\/v2\/posts\/2840\/revisions\/3023"}],"wp:featuredmedia":[{"embeddable":true,"href":"https:\/\/nublo.tv\/index.php\/wp-json\/wp\/v2\/media\/2841"}],"wp:attachment":[{"href":"https:\/\/nublo.tv\/index.php\/wp-json\/wp\/v2\/media?parent=2840"}],"wp:term":[{"taxonomy":"category","embeddable":true,"href":"https:\/\/nublo.tv\/index.php\/wp-json\/wp\/v2\/categories?post=2840"},{"taxonomy":"post_tag","embeddable":true,"href":"https:\/\/nublo.tv\/index.php\/wp-json\/wp\/v2\/tags?post=2840"}],"curies":[{"name":"wp","href":"https:\/\/api.w.org\/{rel}","templated":true}]}}