{"id":2842,"date":"2026-08-10T19:19:06","date_gmt":"2026-08-10T18:19:06","guid":{"rendered":"https:\/\/nublo.tv\/?p=2842"},"modified":"2026-08-27T12:35:26","modified_gmt":"2026-08-27T11:35:26","slug":"la-spegc-y-la-eoi-mejoran-las-oportunidades-laborales-de-los-jovenes-de-gran-canaria-con-4-formaciones-gratuitas","status":"publish","type":"post","link":"https:\/\/nublo.tv\/index.php\/2026\/08\/10\/la-spegc-y-la-eoi-mejoran-las-oportunidades-laborales-de-los-jovenes-de-gran-canaria-con-4-formaciones-gratuitas\/","title":{"rendered":"La SPEGC y la EOI mejoran las oportunidades laborales de los j\u00f3venes de Gran Canaria con 4 formaciones gratuitas"},"content":{"rendered":"<p class=\"wp-block-paragraph\">La Sociedad de Promoci\u00f3n Econ\u00f3mica de Gran Canaria, entidad dependiente del Cabildo de Gran Canaria, y la Escuela de Organizaci\u00f3n Industrial impulsan un nuevo paquete formativo compuesto por cuatro cursos destinados a j\u00f3venes de entre 16 y 29 a\u00f1os que sean beneficiarios del Sistema Nacional de Garant\u00eda Juvenil.<\/p>\n<p class=\"wp-block-paragraph\">A trav\u00e9s de estas formaciones, 100% gratuitas y en modalidad online, los j\u00f3venes podr\u00e1n desarrollar competencias personales, profesionales y digitales que contribuir\u00e1n a mejorar su empleabilidad. Las inscripciones para cada curso ya se encuentran abiertas y pueden completarse en la web de la SPEGC:<\/p>\n<ul class=\"wp-block-list\">\n<li>Curso <a href=\"https:\/\/www.spegc.org\/formacion-y-eventos\/aprende-comunicar-talento-para-que-te-contraten\/\"><em>Aprende a comunicar tu talento para que te contraten<\/em><\/a>. El curso ense\u00f1ar\u00e1 a los participantes a comunicarse de forma eficaz en un entorno profesional, mostrando las competencias que realmente buscan las empresas, trabajando la mentalidad de crecimiento, el trabajo en equipo y la gesti\u00f3n del tiempo. Fecha de inicio: 21 de septiembre de 2026.<\/li>\n<\/ul>\n<ul class=\"wp-block-list\">\n<li>Curso <a href=\"https:\/\/www.spegc.org\/formacion-y-eventos\/crea-tu-marca-personal-y-mejora-tu-perfil-digital\/\"><em>Crea tu marca personal y mejora tu perfil digital para encontrar empleo<\/em><\/a>. Este curso ayudar\u00e1 a los participantes a construir una identidad digital s\u00f3lida, a comunicar su perfil profesional a trav\u00e9s de distintos canales digitales y a utilizar las redes sociales y la IA como aliadas para aumentar su visibilidad, diferenciarse y generar nuevas oportunidades laborales. Fecha de inicio: 28 de septiembre de 2026.<\/li>\n<\/ul>\n<ul class=\"wp-block-list\">\n<li>Curso<a href=\"https:\/\/www.spegc.org\/formacion-y-eventos\/buscas-empleo-usa-ia-a-tu-favor\/\"><em> \u00bfBuscas Empleo? Usa la IA a tu favor<\/em><\/a>. El curso ense\u00f1ar\u00e1 los fundamentos de la IA y de los modelos de lenguaje, mostrando c\u00f3mo dominar la ingenier\u00eda de instrucciones (prompting) para sacar el m\u00e1ximo partido a herramientas como ChatGPT, Gemini o Claude en la b\u00fasqueda de empleo. Fecha de inicio: 5 de octubre de 2026.<\/li>\n<\/ul>\n<ul class=\"wp-block-list\">\n<li>Curso <a href=\"https:\/\/www.spegc.org\/formacion-y-eventos\/claves-pasar-entrevista-trabajo-exito\/\"><em>Claves para pasar una entrevista de trabajo con \u00e9xito<\/em><\/a>. Con este curso, los participantes mejorar\u00e1n su empleabilidad, mejorando la definici\u00f3n de su objetivo profesional, su preparaci\u00f3n de CV, cartas de presentaci\u00f3n y su capacidad para hacer las mejores entrevistas para destacar en un mercado cada vez m\u00e1s competitivo. Fecha de inicio: 19 de octubre de 2026.<\/li>\n<\/ul>\n<p class=\"wp-block-paragraph\">\n","protected":false},"excerpt":{"rendered":"<p>La Sociedad de Promoci\u00f3n Econ\u00f3mica de Gran Canaria, entidad dependiente del Cabildo de Gran Canaria, y la Escuela de Organizaci\u00f3n Industrial impulsan un nuevo paquete formativo compuesto por cuatro cursos&hellip;<\/p>\n","protected":false},"author":1,"featured_media":2843,"comment_status":"open","ping_status":"open","sticky":false,"template":"","format":"standard","meta":{"wpai_generated_summary":"","wpai_meta_description":"","footnotes":""},"categories":[148],"tags":[],"class_list":["post-2842","post","type-post","status-publish","format-standard","has-post-thumbnail","hentry","category-cabildo-de-gran-canaria"],"_links":{"self":[{"href":"https:\/\/nublo.tv\/index.php\/wp-json\/wp\/v2\/posts\/2842","targetHints":{"allow":["GET"]}}],"collection":[{"href":"https:\/\/nublo.tv\/index.php\/wp-json\/wp\/v2\/posts"}],"about":[{"href":"https:\/\/nublo.tv\/index.php\/wp-json\/wp\/v2\/types\/post"}],"author":[{"embeddable":true,"href":"https:\/\/nublo.tv\/index.php\/wp-json\/wp\/v2\/users\/1"}],"replies":[{"embeddable":true,"href":"https:\/\/nublo.tv\/index.php\/wp-json\/wp\/v2\/comments?post=2842"}],"version-history":[{"count":1,"href":"https:\/\/nublo.tv\/index.php\/wp-json\/wp\/v2\/posts\/2842\/revisions"}],"predecessor-version":[{"id":3022,"href":"https:\/\/nublo.tv\/index.php\/wp-json\/wp\/v2\/posts\/2842\/revisions\/3022"}],"wp:featuredmedia":[{"embeddable":true,"href":"https:\/\/nublo.tv\/index.php\/wp-json\/wp\/v2\/media\/2843"}],"wp:attachment":[{"href":"https:\/\/nublo.tv\/index.php\/wp-json\/wp\/v2\/media?parent=2842"}],"wp:term":[{"taxonomy":"category","embeddable":true,"href":"https:\/\/nublo.tv\/index.php\/wp-json\/wp\/v2\/categories?post=2842"},{"taxonomy":"post_tag","embeddable":true,"href":"https:\/\/nublo.tv\/index.php\/wp-json\/wp\/v2\/tags?post=2842"}],"curies":[{"name":"wp","href":"https:\/\/api.w.org\/{rel}","templated":true}]}}