{"id":2844,"date":"2026-08-10T19:19:03","date_gmt":"2026-08-10T18:19:03","guid":{"rendered":"https:\/\/nublo.tv\/?p=2844"},"modified":"2026-08-27T12:35:26","modified_gmt":"2026-08-27T11:35:26","slug":"la-spegc-y-la-eoi-lanzan-6-cursos-de-formacion-gratuita-para-mejorar-las-competencias-digitales-de-autonomos-y-profesionales-de-pymes","status":"publish","type":"post","link":"https:\/\/nublo.tv\/index.php\/2026\/08\/10\/la-spegc-y-la-eoi-lanzan-6-cursos-de-formacion-gratuita-para-mejorar-las-competencias-digitales-de-autonomos-y-profesionales-de-pymes\/","title":{"rendered":"La SPEGC y la EOI lanzan 6 cursos de formaci\u00f3n gratuita para mejorar las competencias digitales de aut\u00f3nomos y profesionales de PYMES"},"content":{"rendered":"<p class=\"wp-block-paragraph\">La Sociedad de Promoci\u00f3n Econ\u00f3mica de Gran Canaria (SPEGC) y la Escuela de Organizaci\u00f3n Industrial (EOI) han anunciado el lanzamiento de un nuevo paquete formativo compuesto por seis cursos gratuitos de especializaci\u00f3n. Esta iniciativa tiene como objetivo impulsar la transformaci\u00f3n digital, mejorar la competitividad y potenciar las habilidades tecnol\u00f3gicas de trabajadores aut\u00f3nomos y profesionales trabajadores de peque\u00f1as y medianas empresas (PYMEs) en Gran Canaria.<\/p>\n<p class=\"wp-block-paragraph\">Con un enfoque pr\u00e1ctico, los programas est\u00e1n dise\u00f1ados para responder a las demandas actuales del mercado, con un enfoque especial en la optimizaci\u00f3n de procesos y la integraci\u00f3n de herramientas estrat\u00e9gicas como la Inteligencia Artificial.<\/p>\n<p class=\"wp-block-paragraph\">Para adaptarse a la realidad laboral de los participantes, el aprendizaje flexible y facilitar la conciliaci\u00f3n, los cursos se realizar\u00e1n en modalidad online. La primera de las formaciones de este nuevo programa, el Curso de <a href=\"https:\/\/www.spegc.org\/formacion-y-eventos\/marketing-digital-avanzado-con-ia\/\" id=\"https:\/\/www.spegc.org\/formacion-y-eventos\/marketing-digital-avanzado-con-ia\/\">Marketing digital avanzado con IA<\/a>, comenzar\u00e1 el 27 de julio. Tras el verano, dar\u00e1n comienzo el resto de formaciones:<\/p>\n<ul class=\"wp-block-list\">\n<li>Curso de <a href=\"https:\/\/www.spegc.org\/formacion-y-eventos\/convierte-tus-ideas-en-futuro-para-tus-empresas-modernizacion-eficiencia-y-crecimiento-desde-el-talento-interno\/\" id=\"https:\/\/www.spegc.org\/formacion-y-eventos\/convierte-tus-ideas-en-futuro-para-tus-empresas-modernizacion-eficiencia-y-crecimiento-desde-el-talento-interno\/\">Convierte tus ideas en futuro para tus empresas (Modernizaci\u00f3n, eficiencia y crecimiento desde el talento interno)<\/a>. Fecha de inicio: 7 de septiembre 2026.<\/li>\n<li>Curso de <a href=\"https:\/\/www.spegc.org\/formacion-y-eventos\/toma-de-decisiones-financieras-con-ia\/\">Toma de decisiones financieras con IA<\/a>.&nbsp; Fecha de inicio: 14 de septiembre 2026.<\/li>\n<li>Curso de <a href=\"https:\/\/www.spegc.org\/formacion-y-eventos\/experiencia-de-cliente-como-integrar-la-disciplina-de-customer-experience-en-las-pymes\/\">Experiencia de cliente (C\u00f3mo integrar la disciplina de Customer Experience en las PYMEs)<\/a>. Fecha de inicio: 21 de septiembre 2026.<\/li>\n<li>Curso de <a href=\"https:\/\/www.spegc.org\/formacion-y-eventos\/curso-de-especializacion-en-direccion-y-gestion-de-proyectos\/\" id=\"https:\/\/www.spegc.org\/formacion-y-eventos\/curso-de-especializacion-en-direccion-y-gestion-de-proyectos\/\">Especializaci\u00f3n en Direcci\u00f3n y Gesti\u00f3n de Proyectos<\/a>. Fecha de inicio: 5 de octubre 2026.<\/li>\n<li>Curso de <a href=\"https:\/\/www.spegc.org\/formacion-y-eventos\/como-integrar-la-ia-en-los-procesos-de-tu-pyme-4o-edicion\/\">C\u00f3mo integrar la IA en los procesos de tu PYME (4\u00aa Edici\u00f3n).<\/a> Fecha de inicio: 5 de octubre 2026.<\/li>\n<\/ul>\n<p class=\"wp-block-paragraph\">Las plazas para cada curso son limitadas y se asignar\u00e1n por orden de inscripci\u00f3n. Los profesionales trabajadores de empresas y aut\u00f3nomos interesados pueden consultar los requisitos espec\u00edficos y formalizar su matr\u00edcula a trav\u00e9s de los enlaces habilitados para cada programa.<\/p>\n<p class=\"wp-block-paragraph\">\n","protected":false},"excerpt":{"rendered":"<p>La Sociedad de Promoci\u00f3n Econ\u00f3mica de Gran Canaria (SPEGC) y la Escuela de Organizaci\u00f3n Industrial (EOI) han anunciado el lanzamiento de un nuevo paquete formativo compuesto por seis cursos gratuitos&hellip;<\/p>\n","protected":false},"author":1,"featured_media":2845,"comment_status":"open","ping_status":"open","sticky":false,"template":"","format":"standard","meta":{"wpai_generated_summary":"","wpai_meta_description":"","footnotes":""},"categories":[148],"tags":[],"class_list":["post-2844","post","type-post","status-publish","format-standard","has-post-thumbnail","hentry","category-cabildo-de-gran-canaria"],"_links":{"self":[{"href":"https:\/\/nublo.tv\/index.php\/wp-json\/wp\/v2\/posts\/2844","targetHints":{"allow":["GET"]}}],"collection":[{"href":"https:\/\/nublo.tv\/index.php\/wp-json\/wp\/v2\/posts"}],"about":[{"href":"https:\/\/nublo.tv\/index.php\/wp-json\/wp\/v2\/types\/post"}],"author":[{"embeddable":true,"href":"https:\/\/nublo.tv\/index.php\/wp-json\/wp\/v2\/users\/1"}],"replies":[{"embeddable":true,"href":"https:\/\/nublo.tv\/index.php\/wp-json\/wp\/v2\/comments?post=2844"}],"version-history":[{"count":1,"href":"https:\/\/nublo.tv\/index.php\/wp-json\/wp\/v2\/posts\/2844\/revisions"}],"predecessor-version":[{"id":3021,"href":"https:\/\/nublo.tv\/index.php\/wp-json\/wp\/v2\/posts\/2844\/revisions\/3021"}],"wp:featuredmedia":[{"embeddable":true,"href":"https:\/\/nublo.tv\/index.php\/wp-json\/wp\/v2\/media\/2845"}],"wp:attachment":[{"href":"https:\/\/nublo.tv\/index.php\/wp-json\/wp\/v2\/media?parent=2844"}],"wp:term":[{"taxonomy":"category","embeddable":true,"href":"https:\/\/nublo.tv\/index.php\/wp-json\/wp\/v2\/categories?post=2844"},{"taxonomy":"post_tag","embeddable":true,"href":"https:\/\/nublo.tv\/index.php\/wp-json\/wp\/v2\/tags?post=2844"}],"curies":[{"name":"wp","href":"https:\/\/api.w.org\/{rel}","templated":true}]}}