{"id":2846,"date":"2026-08-10T19:19:00","date_gmt":"2026-08-10T18:19:00","guid":{"rendered":"https:\/\/nublo.tv\/?p=2846"},"modified":"2026-08-27T12:35:26","modified_gmt":"2026-08-27T11:35:26","slug":"140-personas-finalizan-seis-programas-de-emprendimiento-impulsados-por-el-cabildo-y-la-fundacion-incyde","status":"publish","type":"post","link":"https:\/\/nublo.tv\/index.php\/2026\/08\/10\/140-personas-finalizan-seis-programas-de-emprendimiento-impulsados-por-el-cabildo-y-la-fundacion-incyde\/","title":{"rendered":"140 personas finalizan seis programas de emprendimiento impulsados por el Cabildo y la Fundaci\u00f3n INCYDE"},"content":{"rendered":"<p class=\"wp-block-paragraph\">M\u00e1s de 140 personas han recogido los diplomas de los seis programas de emprendimiento desarrollados durante el segundo trimestre del a\u00f1o por la Sociedad de Promoci\u00f3n Econ\u00f3mica de Gran Canaria (SPEGC) y la Fundaci\u00f3n INCYDE.<\/p>\n<p class=\"wp-block-paragraph\">Estas formaciones forman parte de un convenio de colaboraci\u00f3n entre ambas instituciones en el marco del proyecto PRECE Canarias, que tiene como objetivo \u201cimpulsar una econom\u00eda m\u00e1s diversificada, innovadora y sostenible en la isla, ofreciendo herramientas como estas formaciones que permiten una actualizaci\u00f3n de competencias y habilidades y fomentan el emprendimiento\u201d, explic\u00f3 el director-gerente de la SPEGC, Cosme Garc\u00eda, en el acto de clausura de los programas formativos.<\/p>\n<p class=\"wp-block-paragraph\">Garc\u00eda destac\u00f3 tambi\u00e9n la apuesta por \u201chacer llegar oportunidades, como estas formaciones gratuitas que favorecen el emprendimiento, a todos los rincones de Gran Canaria\u201d y agradeci\u00f3 la colaboraci\u00f3n de los ayuntamientos de Arucas, Santa Luc\u00eda de Tirajana, Ag\u00fcimes, Mog\u00e1n y Las Palmas de Gran Canaria, municipios donde se han impartido estos cursos.<\/p>\n<p class=\"wp-block-paragraph\">Durante el acto de clausura, se presentaron seis proyectos de emprendedores como ejemplo de los conocimientos adquiridos durante los cursos. Las iniciativas abarcan sectores y tem\u00e1ticas diversas como la artesan\u00eda, la educaci\u00f3n, el desperdicio alimentario, la digitalizaci\u00f3n y modernizaci\u00f3n de PYMEs o la recuperaci\u00f3n de tierras agr\u00edcolas infrautilizadas en Gran Canaria, reflejando la diversidad y el potencial innovador de las personas participantes.<\/p>\n<p class=\"wp-block-paragraph\">Por su parte, el director general de la Fundaci\u00f3n INCYDE, Javier Collado, felicit\u00f3 a los participantes y les anim\u00f3 a continuar form\u00e1ndose para seguir adquiriendo habilidades que les permitan mejorar sus proyectos empresariales y de emprendimiento con mayores garant\u00edas.<\/p>\n<p class=\"wp-block-paragraph\"><strong>Proyectos de emprendimiento<\/strong><\/p>\n<p class=\"wp-block-paragraph\">Una de las iniciativas presentadas fue el proyecto emprendedor \u2018AguaMeli\u2019, impulsado por Mar\u00eda Melissa Su\u00e1rez Vera, en el marco del programa \u2018Emprendimiento y digitalizaci\u00f3n en el sector artesanal\u2019 realizado en Arucas. El proyecto est\u00e1 centrado en la creaci\u00f3n de jabones artesanales y cosm\u00e9tica natural, apostando por ingredientes cuidados, aromas sensoriales y una presentaci\u00f3n artesanal de calidad.<\/p>\n<p class=\"wp-block-paragraph\">En el \u00e1mbito educativo se dio a conocer \u2018Hero4Help\u2019, de Joy P\u00e9rez Pino, que expuso su plataforma de experiencias educativas participativas para los m\u00e1s peque\u00f1os a trav\u00e9s de narrativa, videojuegos, talleres, IA, m\u00fasica, din\u00e1micas y experiencias inmersivas. Una iniciativa ejecutada a partir del programa \u2018Crea tu futuro con IA, herramientas sencillas para el mundo empresarial\u2019, celebrado en Las Palmas de Gran Canaria.<\/p>\n<p class=\"wp-block-paragraph\">Josefa Gonz\u00e1lez Ortega y Antonia Teresa Guedes Rodr\u00edguez presentaron su proyecto de consolidaci\u00f3n empresarial \u2018La ferreter\u00eda Antonio Guedes L\u00f3pez\u2019. Una empresa familiar de dos generaciones que, con el programa \u2018Emprendimiento en marketing de contenidos digitales y branding\u2019 completado en Ag\u00fcimes, han podido aplicar sus nuevos conocimientos para realizar un rebranding y renovaci\u00f3n de su ferreter\u00eda.<\/p>\n<p class=\"wp-block-paragraph\">Relacionado con el desperdicio alimentario, Alexander Jos\u00e9 Medina Ar\u00e9valo ense\u00f1\u00f3 su herramienta innovadora \u2018Audit Waste\u2019, especialmente dirigida para el control del desperdicio alimentario en hoteles y restaurantes y desarrollada a partir del programa \u2018Autoempleo y creaci\u00f3n de empresas en turismo sostenible\u2019 celebrado en Santa Luc\u00eda de Tirajana.&nbsp;<\/p>\n<p class=\"wp-block-paragraph\">Asimismo, \u00c1ngel Perera Ara\u00f1a mostr\u00f3 \u2018La f\u00e1brica de alimentos 4.0\u2019, su proyecto agroproductivo, tecnol\u00f3gico y sostenible orientado a recuperar tierras agr\u00edcolas abandonadas o infrautilizadas en Gran Canaria. La iniciativa plantea la creaci\u00f3n de un m\u00f3dulo piloto de agricultura 4.0 que integre hidropon\u00eda, eficiencia h\u00eddrica, energ\u00edas renovables, econom\u00eda circular y formaci\u00f3n pr\u00e1ctica. Su finalidad es demostrar que el campo canario puede volver a ser un espacio productivo, educativo y comunitario, generando alimentos de cercan\u00eda, conocimiento, oportunidades locales y un modelo replicable de desarrollo rural sostenible. El proyecto particip\u00f3 en el programa \u2018Emprendimiento en e-commerce y negocios digitales\u2019, ejecutado en Mog\u00e1n.<\/p>\n<p class=\"wp-block-paragraph\">Finalmente, Enrique Fernadez Gil y Luc\u00eda Lafuente expusieron \u2018HMS (Human Movement System)\u2019, una aplicaci\u00f3n digital para fisioterapeutas, dise\u00f1ada para mejorar la gesti\u00f3n y aplicaci\u00f3n del ejercicio terap\u00e9utico en su pr\u00e1ctica diaria, facilitando un nuevo modelo de rehabilitaci\u00f3n h\u00edbrida m\u00e1s eficiente y escalable. El proyecto form\u00f3 parte del programa \u2018Emprendimiento en Marketing de contenidos digitales y branding\u2019 desarrollado en Las Palmas de Gran Canaria.<\/p>\n<p class=\"wp-block-paragraph\">\n","protected":false},"excerpt":{"rendered":"<p>M\u00e1s de 140 personas han recogido los diplomas de los seis programas de emprendimiento desarrollados durante el segundo trimestre del a\u00f1o por la Sociedad de Promoci\u00f3n Econ\u00f3mica de Gran Canaria&hellip;<\/p>\n","protected":false},"author":1,"featured_media":2847,"comment_status":"open","ping_status":"open","sticky":false,"template":"","format":"standard","meta":{"wpai_generated_summary":"","wpai_meta_description":"","footnotes":""},"categories":[148],"tags":[],"class_list":["post-2846","post","type-post","status-publish","format-standard","has-post-thumbnail","hentry","category-cabildo-de-gran-canaria"],"_links":{"self":[{"href":"https:\/\/nublo.tv\/index.php\/wp-json\/wp\/v2\/posts\/2846","targetHints":{"allow":["GET"]}}],"collection":[{"href":"https:\/\/nublo.tv\/index.php\/wp-json\/wp\/v2\/posts"}],"about":[{"href":"https:\/\/nublo.tv\/index.php\/wp-json\/wp\/v2\/types\/post"}],"author":[{"embeddable":true,"href":"https:\/\/nublo.tv\/index.php\/wp-json\/wp\/v2\/users\/1"}],"replies":[{"embeddable":true,"href":"https:\/\/nublo.tv\/index.php\/wp-json\/wp\/v2\/comments?post=2846"}],"version-history":[{"count":1,"href":"https:\/\/nublo.tv\/index.php\/wp-json\/wp\/v2\/posts\/2846\/revisions"}],"predecessor-version":[{"id":3020,"href":"https:\/\/nublo.tv\/index.php\/wp-json\/wp\/v2\/posts\/2846\/revisions\/3020"}],"wp:featuredmedia":[{"embeddable":true,"href":"https:\/\/nublo.tv\/index.php\/wp-json\/wp\/v2\/media\/2847"}],"wp:attachment":[{"href":"https:\/\/nublo.tv\/index.php\/wp-json\/wp\/v2\/media?parent=2846"}],"wp:term":[{"taxonomy":"category","embeddable":true,"href":"https:\/\/nublo.tv\/index.php\/wp-json\/wp\/v2\/categories?post=2846"},{"taxonomy":"post_tag","embeddable":true,"href":"https:\/\/nublo.tv\/index.php\/wp-json\/wp\/v2\/tags?post=2846"}],"curies":[{"name":"wp","href":"https:\/\/api.w.org\/{rel}","templated":true}]}}