{"id":2850,"date":"2026-08-10T19:18:56","date_gmt":"2026-08-10T18:18:56","guid":{"rendered":"https:\/\/nublo.tv\/?p=2850"},"modified":"2026-08-10T19:18:56","modified_gmt":"2026-08-10T18:18:56","slug":"porttech-regresa-en-julio-para-conectar-al-sector-portuario-y-tecnologico-de-gran-canaria","status":"publish","type":"post","link":"https:\/\/nublo.tv\/index.php\/2026\/08\/10\/porttech-regresa-en-julio-para-conectar-al-sector-portuario-y-tecnologico-de-gran-canaria\/","title":{"rendered":"Port&#038;Tech regresa en julio para conectar al sector portuario y tecnol\u00f3gico de Gran Canaria"},"content":{"rendered":"<p class=\"wp-block-paragraph\">El sector mar\u00edtimo-portuario y el sector tecnol\u00f3gico vuelven a reunirse para compartir desaf\u00edos tecnol\u00f3gicos en una nueva edici\u00f3n de <em>Port&amp;Tech<\/em>, una iniciativa impulsada por el Cabildo de Gran Canaria, a trav\u00e9s de la Sociedad de Promoci\u00f3n Econ\u00f3mica de Gran Canaria y la Incubadora de Alta Tecnolog\u00eda Marino-Mar\u00edtima (IAT), con la colaboraci\u00f3n del Cl\u00faster Mar\u00edtimo de Canarias, el Cl\u00faster de Excelencia Tecnol\u00f3gica de Canarias y la Autoridad Portuaria de Las Palmas.&nbsp;<\/p>\n<p class=\"wp-block-paragraph\">Este encuentro est\u00e1 concebido como un espacio estrat\u00e9gico de conexi\u00f3n entre profesionales de los sectores TIC y mar\u00edtimo-portuario. Su objetivo es poner en com\u00fan desaf\u00edos operativos reales y evaluar c\u00f3mo las nuevas tecnolog\u00edas pueden aportar respuestas eficientes, potenciando la competitividad del entorno marino-mar\u00edtimo.&nbsp;<\/p>\n<p class=\"wp-block-paragraph\">La primera sesi\u00f3n de <em>Port&amp;Tech 2026<\/em> se celebrar\u00e1 el pr\u00f3ximo martes 7 de julio en el Centro de Innovaci\u00f3n Marino-Mar\u00edtima (CIMM), ubicado en el edificio Fundaci\u00f3n Puerto Las Palmas, junto al Centro Comercial El Muelle. La jornada se desarrollar\u00e1 bajo un formato din\u00e1mico, dise\u00f1ado espec\u00edficamente para conectar el conocimiento experto con la colaboraci\u00f3n directa entre los asistentes. La estructura del encuentro ser\u00e1 la siguiente:<\/p>\n<ul class=\"wp-block-list\">\n<li>15:30 a 16:00 h | Caf\u00e9 de bienvenida y apertura\u00a0<\/li>\n<li>16:00 a 16:45 h | Keynote: Inteligencia Artificial impartida por Esther Checa, experta en estrategia e innovaci\u00f3n digital.<\/li>\n<li>16:45 a 17:30 h | Networking: Retos de la comunidad IT\/Tech portuaria<\/li>\n<\/ul>\n<p class=\"wp-block-paragraph\">Los profesionales de empresas TIC\/digitales y portuarias de Gran Canaria interesados en asistir pueden inscribirse a trav\u00e9s del <a href=\"https:\/\/www.spegc.org\/formacion-y-eventos\/port-tech-2026\/\">formulario habilitado en la p\u00e1gina web de la SPEGC<\/a>.<\/p>\n<p class=\"wp-block-paragraph\">\n","protected":false},"excerpt":{"rendered":"<p>El sector mar\u00edtimo-portuario y el sector tecnol\u00f3gico vuelven a reunirse para compartir desaf\u00edos tecnol\u00f3gicos en una nueva edici\u00f3n de Port&amp;Tech, una iniciativa impulsada por el Cabildo de Gran Canaria, a&hellip;<\/p>\n","protected":false},"author":1,"featured_media":2851,"comment_status":"open","ping_status":"open","sticky":false,"template":"","format":"standard","meta":{"wpai_generated_summary":"","wpai_meta_description":"","footnotes":""},"categories":[148],"tags":[],"class_list":["post-2850","post","type-post","status-publish","format-standard","has-post-thumbnail","hentry","category-cabildo-de-gran-canaria"],"_links":{"self":[{"href":"https:\/\/nublo.tv\/index.php\/wp-json\/wp\/v2\/posts\/2850","targetHints":{"allow":["GET"]}}],"collection":[{"href":"https:\/\/nublo.tv\/index.php\/wp-json\/wp\/v2\/posts"}],"about":[{"href":"https:\/\/nublo.tv\/index.php\/wp-json\/wp\/v2\/types\/post"}],"author":[{"embeddable":true,"href":"https:\/\/nublo.tv\/index.php\/wp-json\/wp\/v2\/users\/1"}],"replies":[{"embeddable":true,"href":"https:\/\/nublo.tv\/index.php\/wp-json\/wp\/v2\/comments?post=2850"}],"version-history":[{"count":1,"href":"https:\/\/nublo.tv\/index.php\/wp-json\/wp\/v2\/posts\/2850\/revisions"}],"predecessor-version":[{"id":3018,"href":"https:\/\/nublo.tv\/index.php\/wp-json\/wp\/v2\/posts\/2850\/revisions\/3018"}],"wp:featuredmedia":[{"embeddable":true,"href":"https:\/\/nublo.tv\/index.php\/wp-json\/wp\/v2\/media\/2851"}],"wp:attachment":[{"href":"https:\/\/nublo.tv\/index.php\/wp-json\/wp\/v2\/media?parent=2850"}],"wp:term":[{"taxonomy":"category","embeddable":true,"href":"https:\/\/nublo.tv\/index.php\/wp-json\/wp\/v2\/categories?post=2850"},{"taxonomy":"post_tag","embeddable":true,"href":"https:\/\/nublo.tv\/index.php\/wp-json\/wp\/v2\/tags?post=2850"}],"curies":[{"name":"wp","href":"https:\/\/api.w.org\/{rel}","templated":true}]}}