{"id":2852,"date":"2026-08-10T19:18:18","date_gmt":"2026-08-10T18:18:18","guid":{"rendered":"https:\/\/nublo.tv\/?p=2852"},"modified":"2026-08-10T19:18:18","modified_gmt":"2026-08-10T18:18:18","slug":"el-cabildo-dota-al-intercambiador-de-mogan-de-una-planta-solar-con-baterias-para-potenciar-el-autoconsumo-energetico","status":"publish","type":"post","link":"https:\/\/nublo.tv\/index.php\/2026\/08\/10\/el-cabildo-dota-al-intercambiador-de-mogan-de-una-planta-solar-con-baterias-para-potenciar-el-autoconsumo-energetico\/","title":{"rendered":"El Cabildo dota al Intercambiador de Mog\u00e1n de una planta solar con bater\u00edas para potenciar el autoconsumo energ\u00e9tico"},"content":{"rendered":"<p style=\"font-weight: 400\">La actuaci\u00f3n, con una inversi\u00f3n de 190.860,43 euros, cuenta con financiaci\u00f3n europea a trav\u00e9s de los Fondos Next Generation<\/p>\n<p style=\"font-weight: 400\"><strong>Gran Canaria, 21 de julio de 2026.\u00a0<\/strong>El Cabildo de Gran Canaria, a trav\u00e9s del Consejo Insular de la Energ\u00eda, inaugur\u00f3 este martes una planta solar fotovoltaica con bater\u00edas sobre las marquesinas del Intercambiador de Mog\u00e1n. La instalaci\u00f3n, con una potencia pico de 65,88 kWp, permitir\u00e1 reducir la dependencia energ\u00e9tica de esta infraestructura y favorecer el uso de fuentes limpias y sostenibles.<\/p>\n<p style=\"font-weight: 400\">La actuaci\u00f3n ha supuesto una inversi\u00f3n de 190.860,43 euros, de los que 147.949,34 euros han sido financiados por la Uni\u00f3n Europea a trav\u00e9s de los Fondos Next Generation EU, a trav\u00e9s de la convocatoria de ayudas de la Consejer\u00eda de Transici\u00f3n Ecol\u00f3gica y Energ\u00eda del Gobierno de Canarias.<\/p>\n<p style=\"font-weight: 400\">Al acto de inauguraci\u00f3n asistieron el consejero de Medio Ambiente, Clima, Energ\u00eda y Conocimiento del Cabildo de Gran Canaria, <a href=\"https:\/\/www.energiagrancanaria.com\/wp-content\/uploads\/2026\/07\/raul-garcia-brink-intercambiador-mogan.mp3\">Rau\u0301l Garci\u0301a Brink<\/a>, y el concejal de Obras P\u00fablicas del Ayuntamiento de Mog\u00e1n, <a href=\"https:\/\/www.energiagrancanaria.com\/wp-content\/uploads\/2026\/07\/ernesto-hernandez-intercambiador.mp3\">Ernesto Herna\u0301ndez<\/a>.<\/p>\n<p style=\"font-weight: 400\">Garc\u00eda Brink recalc\u00f3 que \u201cseguimos acelerando la transici\u00f3n energ\u00e9tica de Gran Canaria, impulsando la implantaci\u00f3n de energ\u00edas renovables en infraestructuras p\u00fablicas estrat\u00e9gicas, como es el principal intercambiador de transporte p\u00fablico de un enclave tur\u00edstico tan importante como Mog\u00e1n\u201d.<\/p>\n<p style=\"font-weight: 400\">Asimismo, se\u00f1al\u00f3 que esta instalaci\u00f3n nace con una visi\u00f3n de futuro, ya que la energ\u00eda que produzca podr\u00e1 destinarse m\u00e1s adelante al punto de recarga para veh\u00edculos el\u00e9ctricos que el Cabildo proyecta junto al Ayuntamiento de Mog\u00e1n en esta zona, as\u00ed como a abastecer a la futura comunidad energ\u00e9tica del municipio.<\/p>\n<p style=\"font-weight: 400\">Por su parte, el concejal de Obras P\u00fablicas del Ayuntamiento de Mog\u00e1n, Ernesto Hern\u00e1ndez, asegur\u00f3 que esta instalaci\u00f3n fotovoltaica \u00abrefuerza la sostenibilidad del municipio y mejora la eficiencia de un espacio p\u00fablico clave para Mog\u00e1n y Gran Canaria\u00bb. En ese sentido, se\u00f1al\u00f3 que la Administraci\u00f3n local valora \u00abmuy positivamente esta actuaci\u00f3n, que complementa el trabajo que por nuestra parte venimos desarrollando en edificios municipales como el Centro para la Autonom\u00eda Personal, el Centro Cultural El Moc\u00e1n, el Centro Polivalente y las Oficinas Municipales de Arguinegu\u00edn, donde ya hemos instalado paneles solares para autoconsumo\u00bb.<\/p>\n<p style=\"font-weight: 400\"><strong>M\u00e1s de 129.000 kWh de energ\u00eda renovable al a\u00f1o<\/strong><\/p>\n<p style=\"font-weight: 400\">La instalaci\u00f3n, ubicada en la tambi\u00e9n conocida como Estaci\u00f3n de Guaguas de Puerto de Mog\u00e1n, cuenta con 108 m\u00f3dulos fotovoltaicos, que alcanzan una potencia pico total de 65,88 kWp, y dispone de dos inversores de 50 kW. Adem\u00e1s, incorpora un sistema de almacenamiento mediante bater\u00edas con una capacidad de 197,12 kWh, que permitir\u00e1 aprovechar la energ\u00eda generada fuera de las horas de mayor producci\u00f3n solar, aumentando la autonom\u00eda energ\u00e9tica del intercambiador.<\/p>\n<p style=\"font-weight: 400\">La planta producir\u00e1 una media estimada de 129.237 kWh al a\u00f1o, contribuyendo a reducir el consumo el\u00e9ctrico de la infraestructura y su dependencia de la red.<\/p>\n<p style=\"font-weight: 400\">Gracias a esta actuaci\u00f3n se evitar\u00e1 la emisi\u00f3n de 67,07 toneladas de CO\u2082 al a\u00f1o, una reducci\u00f3n equivalente al consumo el\u00e9ctrico anual de 37 viviendas.<\/p>\n<p style=\"font-weight: 400\">La iniciativa, promovida por el Consejo Insular de la Energ\u00eda de Gran Canaria, se enmarca dentro de la estrategia del Cabildo para impulsar la implantaci\u00f3n de instalaciones de autoconsumo en edificios e infraestructuras p\u00fablicas, favoreciendo un modelo energ\u00e9tico m\u00e1s sostenible, eficiente y resiliente, al tiempo que reduce la dependencia de los combustibles f\u00f3siles y las emisiones asociadas al consumo el\u00e9ctrico.<\/p>\n<p><img loading=\"lazy\" decoding=\"async\" class=\"alignleft wp-image-8328 size-full\" src=\"https:\/\/www.energiagrancanaria.com\/descargas\/instalacion-solar-en-el-intercambiador-de-mogan.jpeg\" alt=\"\" width=\"1335\" height=\"890\" \/><\/p>\n<h2><\/h2>\n","protected":false},"excerpt":{"rendered":"<p>La actuaci\u00f3n, con una inversi\u00f3n de 190.860,43 euros, cuenta con financiaci\u00f3n europea a trav\u00e9s de los Fondos Next Generation Gran Canaria, 21 de julio de 2026.\u00a0El Cabildo de Gran Canaria,&hellip;<\/p>\n","protected":false},"author":1,"featured_media":2853,"comment_status":"open","ping_status":"open","sticky":false,"template":"","format":"standard","meta":{"wpai_generated_summary":"","wpai_meta_description":"","footnotes":""},"categories":[121],"tags":[],"class_list":["post-2852","post","type-post","status-publish","format-standard","has-post-thumbnail","hentry","category-noticias"],"_links":{"self":[{"href":"https:\/\/nublo.tv\/index.php\/wp-json\/wp\/v2\/posts\/2852","targetHints":{"allow":["GET"]}}],"collection":[{"href":"https:\/\/nublo.tv\/index.php\/wp-json\/wp\/v2\/posts"}],"about":[{"href":"https:\/\/nublo.tv\/index.php\/wp-json\/wp\/v2\/types\/post"}],"author":[{"embeddable":true,"href":"https:\/\/nublo.tv\/index.php\/wp-json\/wp\/v2\/users\/1"}],"replies":[{"embeddable":true,"href":"https:\/\/nublo.tv\/index.php\/wp-json\/wp\/v2\/comments?post=2852"}],"version-history":[{"count":1,"href":"https:\/\/nublo.tv\/index.php\/wp-json\/wp\/v2\/posts\/2852\/revisions"}],"predecessor-version":[{"id":3005,"href":"https:\/\/nublo.tv\/index.php\/wp-json\/wp\/v2\/posts\/2852\/revisions\/3005"}],"wp:featuredmedia":[{"embeddable":true,"href":"https:\/\/nublo.tv\/index.php\/wp-json\/wp\/v2\/media\/2853"}],"wp:attachment":[{"href":"https:\/\/nublo.tv\/index.php\/wp-json\/wp\/v2\/media?parent=2852"}],"wp:term":[{"taxonomy":"category","embeddable":true,"href":"https:\/\/nublo.tv\/index.php\/wp-json\/wp\/v2\/categories?post=2852"},{"taxonomy":"post_tag","embeddable":true,"href":"https:\/\/nublo.tv\/index.php\/wp-json\/wp\/v2\/tags?post=2852"}],"curies":[{"name":"wp","href":"https:\/\/api.w.org\/{rel}","templated":true}]}}