{"id":2856,"date":"2026-08-10T19:18:11","date_gmt":"2026-08-10T18:18:11","guid":{"rendered":"https:\/\/nublo.tv\/?p=2856"},"modified":"2026-08-10T19:18:11","modified_gmt":"2026-08-10T18:18:11","slug":"finaliza-la-instalacion-fotovoltaica-para-autoconsumo-del-intercambiador-de-mogan-financiada-por-los-fondos-nextgenerationeu","status":"publish","type":"post","link":"https:\/\/nublo.tv\/index.php\/2026\/08\/10\/finaliza-la-instalacion-fotovoltaica-para-autoconsumo-del-intercambiador-de-mogan-financiada-por-los-fondos-nextgenerationeu\/","title":{"rendered":"Finaliza la instalaci\u00f3n fotovoltaica para autoconsumo del Intercambiador de Mog\u00e1n, financiada por los Fondos NextGenerationEU"},"content":{"rendered":"<p><img loading=\"lazy\" decoding=\"async\" class=\"alignnone wp-image-8153 size-full\" src=\"https:\/\/www.energiagrancanaria.com\/descargas\/image2.png\" alt=\"\" width=\"1366\" height=\"254\" \/><\/p>\n<p>El Intercambiador de Mog\u00e1n cuenta ya con una nueva instalaci\u00f3n fotovoltaica para autoconsumo que permitir\u00e1 avanzar en la transici\u00f3n hacia un modelo energ\u00e9tico m\u00e1s sostenible y eficiente. Esta actuaci\u00f3n ha sido financiada por la Uni\u00f3n Europea a trav\u00e9s de los Fondos NextGenerationEU, en el marco del Plan de Recuperaci\u00f3n, Transformaci\u00f3n y Resiliencia (PRTR).<\/p>\n<p>El proyecto ha recibido una ayuda de la Consejer\u00eda de Transici\u00f3n Ecol\u00f3gica y Energ\u00eda del Gobierno de Canarias, dentro de la convocatoria para el fomento de la generaci\u00f3n fotovoltaica en espacios antropizados, integrada en la Estrategia de Energ\u00eda Sostenible en las Islas Canarias y financiada con cargo al Componente 7, Inversi\u00f3n 2, del Plan de Recuperaci\u00f3n, Transformaci\u00f3n y Resiliencia, financiado por la Uni\u00f3n Europea \u2013 NextGenerationEU.<\/p>\n<p>La actuaci\u00f3n se enmarca espec\u00edficamente en la L\u00ednea de Inversi\u00f3n 1 para el fomento de las energ\u00edas renovables y ha consistido en la implantaci\u00f3n de una instalaci\u00f3n fotovoltaica formada por 108 m\u00f3dulos solares de 610 W, alcanzando una potencia total instalada de 65,88 kWp. Adem\u00e1s, el sistema incorpora un equipo de almacenamiento energ\u00e9tico mediante bater\u00edas con una capacidad de 197,12 kWh, lo que permitir\u00e1 incrementar el aprovechamiento de la energ\u00eda generada y mejorar la autonom\u00eda energ\u00e9tica de la infraestructura.<\/p>\n<p>La inversi\u00f3n total del proyecto ha ascendido a 190.860,43 euros, de los cuales 147.949,34 euros han sido financiados mediante los Fondos NextGenerationEU, a trav\u00e9s de la convocatoria de ayudas del Gobierno de Canarias.<\/p>\n<p>Esta actuaci\u00f3n contribuye a los objetivos del Plan de Recuperaci\u00f3n, Transformaci\u00f3n y Resiliencia, impulsado por la Uni\u00f3n Europea, favoreciendo la integraci\u00f3n de energ\u00edas renovables, la reducci\u00f3n de emisiones de gases de efecto invernadero y la descarbonizaci\u00f3n del sistema el\u00e9ctrico canario. Asimismo, promueve un uso m\u00e1s eficiente de los recursos p\u00fablicos y refuerza el compromiso con un modelo energ\u00e9tico m\u00e1s limpio, resiliente y sostenible.<\/p>\n<p>La ejecuci\u00f3n de este proyecto supone un paso m\u00e1s en la modernizaci\u00f3n de las infraestructuras p\u00fablicas y evidencia el papel fundamental que desempe\u00f1an los Fondos NextGenerationEU en el impulso de inversiones estrat\u00e9gicas orientadas a acelerar la transici\u00f3n energ\u00e9tica y el cumplimiento de los objetivos clim\u00e1ticos europeos.<\/p>\n<p>&nbsp;<\/p>\n","protected":false},"excerpt":{"rendered":"<p>El Intercambiador de Mog\u00e1n cuenta ya con una nueva instalaci\u00f3n fotovoltaica para autoconsumo que permitir\u00e1 avanzar en la transici\u00f3n hacia un modelo energ\u00e9tico m\u00e1s sostenible y eficiente. Esta actuaci\u00f3n ha&hellip;<\/p>\n","protected":false},"author":1,"featured_media":2857,"comment_status":"open","ping_status":"open","sticky":false,"template":"","format":"standard","meta":{"wpai_generated_summary":"","wpai_meta_description":"","footnotes":""},"categories":[121],"tags":[],"class_list":["post-2856","post","type-post","status-publish","format-standard","has-post-thumbnail","hentry","category-noticias"],"_links":{"self":[{"href":"https:\/\/nublo.tv\/index.php\/wp-json\/wp\/v2\/posts\/2856","targetHints":{"allow":["GET"]}}],"collection":[{"href":"https:\/\/nublo.tv\/index.php\/wp-json\/wp\/v2\/posts"}],"about":[{"href":"https:\/\/nublo.tv\/index.php\/wp-json\/wp\/v2\/types\/post"}],"author":[{"embeddable":true,"href":"https:\/\/nublo.tv\/index.php\/wp-json\/wp\/v2\/users\/1"}],"replies":[{"embeddable":true,"href":"https:\/\/nublo.tv\/index.php\/wp-json\/wp\/v2\/comments?post=2856"}],"version-history":[{"count":1,"href":"https:\/\/nublo.tv\/index.php\/wp-json\/wp\/v2\/posts\/2856\/revisions"}],"predecessor-version":[{"id":3003,"href":"https:\/\/nublo.tv\/index.php\/wp-json\/wp\/v2\/posts\/2856\/revisions\/3003"}],"wp:featuredmedia":[{"embeddable":true,"href":"https:\/\/nublo.tv\/index.php\/wp-json\/wp\/v2\/media\/2857"}],"wp:attachment":[{"href":"https:\/\/nublo.tv\/index.php\/wp-json\/wp\/v2\/media?parent=2856"}],"wp:term":[{"taxonomy":"category","embeddable":true,"href":"https:\/\/nublo.tv\/index.php\/wp-json\/wp\/v2\/categories?post=2856"},{"taxonomy":"post_tag","embeddable":true,"href":"https:\/\/nublo.tv\/index.php\/wp-json\/wp\/v2\/tags?post=2856"}],"curies":[{"name":"wp","href":"https:\/\/api.w.org\/{rel}","templated":true}]}}