{"id":2858,"date":"2026-08-10T19:18:07","date_gmt":"2026-08-10T18:18:07","guid":{"rendered":"https:\/\/nublo.tv\/?p=2858"},"modified":"2026-08-10T19:18:07","modified_gmt":"2026-08-10T18:18:07","slug":"el-cabildo-situa-la-transicion-energetica-en-el-centro-de-la-competitividad-de-gran-canaria","status":"publish","type":"post","link":"https:\/\/nublo.tv\/index.php\/2026\/08\/10\/el-cabildo-situa-la-transicion-energetica-en-el-centro-de-la-competitividad-de-gran-canaria\/","title":{"rendered":"El Cabildo sit\u00faa la transici\u00f3n energ\u00e9tica en el centro de la competitividad de Gran Canaria"},"content":{"rendered":"<div>\n<p>El foro &#8216;Descarbonizar para Competir&#8217; re\u00fane a administraciones, empresas y expertos para analizar c\u00f3mo la nueva pol\u00edtica industrial europea convierte la descarbonizaci\u00f3n en una oportunidad para fortalecer el tejido productivo y la autonom\u00eda energ\u00e9tica de Canarias<\/p>\n<\/div>\n<div>\n<p><strong>Gran Canaria, 14 de julio de 2026.<\/strong>\u00a0El consejero de Medio Ambiente, Clima, Energ\u00eda y Conocimiento del Cabildo de Gran Canaria, <a href=\"https:\/\/www.energiagrancanaria.com\/wp-content\/uploads\/2026\/07\/raul-garcia-brink-foro.mp3\">Rau\u0301l Garci\u0301a Brink<\/a>, defendi\u00f3 este martes que la transici\u00f3n energ\u00e9tica se ha convertido en un factor clave para la competitividad de los territorios y una oportunidad para reforzar el tejido productivo de Gran Canaria en el nuevo contexto de la pol\u00edtica industrial europea. En este sentido, destac\u00f3 el trabajo que viene desarrollando el Cabildo, a trav\u00e9s del Consejo Insular de la Energ\u00eda, para trasladar este nuevo modelo al territorio mediante iniciativas que aceleren la descarbonizaci\u00f3n y refuercen la competitividad de la isla.<\/p>\n<p>As\u00ed lo afirm\u00f3 el consejero durante la inauguraci\u00f3n del foro &#8216;Descarbonizar para Competir&#8217;, organizado por el Cabildo de Gran Canaria a trav\u00e9s del Consejo Insular de la Energ\u00eda de Gran Canaria (CIEGC), junto a la Asociaci\u00f3n Industrial de Canarias (Asinca) y Fedarene. La apertura cont\u00f3 tambi\u00e9n con la participaci\u00f3n del vicepresidente de Asinca, Virgilio Correa, y reuni\u00f3 a representantes institucionales, empresas y especialistas para analizar el impacto de la nueva pol\u00edtica industrial europea y las oportunidades que abre para la industria canaria.<\/p>\n<\/div>\n<div>\n<p>Garc\u00eda Brink destac\u00f3 que la energ\u00eda ha dejado de ser una cuesti\u00f3n exclusivamente ambiental para convertirse en un factor determinante de la competitividad econ\u00f3mica. \u00abLa transici\u00f3n energ\u00e9tica ya no es solo una factura que pagar para salvar el clima, es la \u00fanica inversi\u00f3n posible para salvar nuestra prosperidad\u00bb, afirm\u00f3. En esta l\u00ednea, record\u00f3 que Europa ya no se enfrenta \u00fanicamente al reto de reducir emisiones sino tambi\u00e9n al de mantener su capacidad industrial, generar empleo y reforzar su autonom\u00eda estrat\u00e9gica.<\/p>\n<\/div>\n<div>\n<p>El consejero defendi\u00f3 adem\u00e1s que las regiones deben desempe\u00f1ar un papel protagonista en este proceso de transformaci\u00f3n, trasladando las estrategias europeas al \u00e1mbito local mediante pol\u00edticas adaptadas a las necesidades de cada territorio.<\/p>\n<p>Garc\u00eda Brink destac\u00f3 las actuaciones que impulsa el CIEGC para acompa\u00f1ar al tejido productivo en este proceso, entre ellas las comunidades energ\u00e9ticas industriales de Arinaga y Jin\u00e1mar, la futura red de Oficinas de Transici\u00f3n Energ\u00e9tica para asesorar a empresas, administraciones y ciudadan\u00eda, as\u00ed como el impulso al autoconsumo, el almacenamiento y la electrificaci\u00f3n como herramientas para reducir costes energ\u00e9ticos, disminuir la dependencia de los combustibles f\u00f3siles y reforzar la competitividad de la industria insular.<\/p>\n<\/div>\n<div>\n<p>Adem\u00e1s, recalc\u00f3 el compromiso que ya est\u00e1 demostrando el tejido industrial canario con la eficiencia energ\u00e9tica, la econom\u00eda circular y el autoconsumo, asegurando que muchas empresas llevan a\u00f1os avanzando en su transformaci\u00f3n. \u201cEl principal reto de las administraciones pasa ahora por acompa\u00f1ar ese esfuerzo, eliminar barreras administrativas y facilitar las herramientas necesarias para acelerar la transici\u00f3n\u201d, asever\u00f3.<\/p>\n<\/div>\n<div>\n<p>Por su parte, Virgilio Correa incidi\u00f3 en las singularidades de Canarias como regi\u00f3n ultraperif\u00e9rica, recordando que \u201cla insularidad, la fragmentaci\u00f3n del territorio, la dependencia de los combustibles f\u00f3siles y la falta de interconexi\u00f3n el\u00e9ctrica suponen un desaf\u00edo a\u00f1adido para la transformaci\u00f3n del sector industrial\u201d. En este contexto, defendi\u00f3 la necesidad de que la normativa y los instrumentos de financiaci\u00f3n europeos y estatales contemplen estas especificidades para que la transici\u00f3n energ\u00e9tica no suponga una p\u00e9rdida de competitividad.<\/p>\n<p>Asimismo, valor\u00f3 el foro como un espacio estrat\u00e9gico para compartir experiencias, generar alianzas y reforzar la colaboraci\u00f3n entre administraciones, empresas y centros de conocimiento, convencido de que \u201csolo desde ese trabajo conjunto ser\u00e1 posible acelerar la transformaci\u00f3n industrial y energ\u00e9tica del archipi\u00e9lago\u201d.<\/p>\n<\/div>\n<div><strong>La nueva pol\u00edtica industrial europea<\/strong><\/p>\n<p class=\"small-margin\">\nEl foro cont\u00f3 con la ponencia de la responsable de Prospectiva Estrat\u00e9gica y Relaciones Internacionales del Ente Vasco de la Energ\u00eda (EVE), Alana Rawlins, quien analiz\u00f3 la evoluci\u00f3n del Clean Industrial Deal de la Comisi\u00f3n Europea o el Plan de Acci\u00f3n para una Energ\u00eda Asequible aprobados recientemente, los cuales ya no hablan solo de ecolog\u00eda, sino tambi\u00e9n de aspectos como la autonom\u00eda estrat\u00e9gica, la resiliencia y la seguridad econ\u00f3mica. En este contexto, la energ\u00eda ha pasado de ser una pol\u00edtica exclusivamente ambiental a convertirse en la principal pol\u00edtica industrial de nuestro tiempo.<\/div>\n<div>\n<p>El responsable de Proyectos de la Agencia Andaluza de la Energ\u00eda, Joaqu\u00edn Villar, present\u00f3 la experiencia de Andaluc\u00eda para facilitar la adaptaci\u00f3n del sector industrial al nuevo marco energ\u00e9tico europeo mediante actuaciones relacionadas con la eficiencia energ\u00e9tica, la electrificaci\u00f3n y la innovaci\u00f3n.<\/p>\n<p>Por su parte, el jefe de Servicio de Eficiencia Energ\u00e9tica y Nuevas Energ\u00edas del Gobierno de Canarias, Alberto Santana Monagas, explic\u00f3 la estrategia del archipi\u00e9lago canario para la descarbonizaci\u00f3n y competitividad del tejido productivo.<\/p>\n<\/div>\n<div><\/div>\n<div><img loading=\"lazy\" decoding=\"async\" class=\"alignleft size-full wp-image-8285\" src=\"https:\/\/www.energiagrancanaria.com\/descargas\/ponencia-de-alana-rawlins-ente-vasco-de-la-energia.jpeg\" alt=\"\" width=\"5712\" height=\"4284\" \/><\/div>\n<div>\n<p>&nbsp;<\/p>\n<p><strong>Experiencias empresariales y tecnol\u00f3gicas<\/strong><\/p>\n<p class=\"small-margin\">\nLa jornada incluy\u00f3 adem\u00e1s una mesa redonda en la que empresas asociadas a Asinca compartieron experiencias sobre eficiencia energ\u00e9tica, energ\u00edas renovables, econom\u00eda circular e innovaci\u00f3n como herramientas para mejorar su competitividad, as\u00ed como un espacio de networking destinado a favorecer el intercambio de experiencias entre administraciones, empresas y entidades del sector energ\u00e9tico.<\/p>\n<\/div>\n<div>\n<p>El espacio, que estuvo moderado por la gerente de Asinca, Laura Dapresa, cont\u00f3 con la participaci\u00f3n del responsable de Energ\u00edas Renovables en el Instituto Tecnol\u00f3gico de Canarias (ITC), Rayco Parra; la responsable de Estados de Informaci\u00f3n no Financiera de Tirma, Daniela Rodr\u00edguez Rodr\u00edguez; el director industrial de Ahembo, Sergio Herrera Santana; la asesora t\u00e9cnica de Lavander\u00eda Los Mocanes, Soraya Guadalupe Rodr\u00edguez; la representante de EVE, Alana Rawlins, y el responsable de Proyectos de \u00a0la Agencia Andaluza de la Energ\u00eda, Joaqu\u00edn Villar Rodr\u00edguez.<\/p>\n<p>El foro &#8216;Descarbonizar para Competir&#8217; continuar\u00e1 este 15 de julio en Tenerife con una segunda jornada que reproducir\u00e1 el mismo programa para seguir profundizando en los retos y oportunidades que la nueva pol\u00edtica industrial europea plantea para la industria canaria.<\/p>\n<\/div>\n<div><\/div>\n<div><img loading=\"lazy\" decoding=\"async\" class=\"alignleft size-full wp-image-8287\" src=\"https:\/\/www.energiagrancanaria.com\/descargas\/el-vicepresidente-de-asinca-virgilio-correa.jpeg\" alt=\"\" width=\"3812\" height=\"2304\" \/><\/div>\n","protected":false},"excerpt":{"rendered":"<p>El foro &#8216;Descarbonizar para Competir&#8217; re\u00fane a administraciones, empresas y expertos para analizar c\u00f3mo la nueva pol\u00edtica industrial europea convierte la descarbonizaci\u00f3n en una oportunidad para fortalecer el tejido productivo&hellip;<\/p>\n","protected":false},"author":1,"featured_media":2859,"comment_status":"open","ping_status":"open","sticky":false,"template":"","format":"standard","meta":{"wpai_generated_summary":"","wpai_meta_description":"","footnotes":""},"categories":[121],"tags":[],"class_list":["post-2858","post","type-post","status-publish","format-standard","has-post-thumbnail","hentry","category-noticias"],"_links":{"self":[{"href":"https:\/\/nublo.tv\/index.php\/wp-json\/wp\/v2\/posts\/2858","targetHints":{"allow":["GET"]}}],"collection":[{"href":"https:\/\/nublo.tv\/index.php\/wp-json\/wp\/v2\/posts"}],"about":[{"href":"https:\/\/nublo.tv\/index.php\/wp-json\/wp\/v2\/types\/post"}],"author":[{"embeddable":true,"href":"https:\/\/nublo.tv\/index.php\/wp-json\/wp\/v2\/users\/1"}],"replies":[{"embeddable":true,"href":"https:\/\/nublo.tv\/index.php\/wp-json\/wp\/v2\/comments?post=2858"}],"version-history":[{"count":1,"href":"https:\/\/nublo.tv\/index.php\/wp-json\/wp\/v2\/posts\/2858\/revisions"}],"predecessor-version":[{"id":3002,"href":"https:\/\/nublo.tv\/index.php\/wp-json\/wp\/v2\/posts\/2858\/revisions\/3002"}],"wp:featuredmedia":[{"embeddable":true,"href":"https:\/\/nublo.tv\/index.php\/wp-json\/wp\/v2\/media\/2859"}],"wp:attachment":[{"href":"https:\/\/nublo.tv\/index.php\/wp-json\/wp\/v2\/media?parent=2858"}],"wp:term":[{"taxonomy":"category","embeddable":true,"href":"https:\/\/nublo.tv\/index.php\/wp-json\/wp\/v2\/categories?post=2858"},{"taxonomy":"post_tag","embeddable":true,"href":"https:\/\/nublo.tv\/index.php\/wp-json\/wp\/v2\/tags?post=2858"}],"curies":[{"name":"wp","href":"https:\/\/api.w.org\/{rel}","templated":true}]}}