{"id":2860,"date":"2026-08-10T19:18:04","date_gmt":"2026-08-10T18:18:04","guid":{"rendered":"https:\/\/nublo.tv\/?p=2860"},"modified":"2026-08-10T19:18:04","modified_gmt":"2026-08-10T18:18:04","slug":"el-cabildo-organiza-un-foro-para-analizar-las-oportunidades-de-la-industria-canaria-en-la-transicion-energetica","status":"publish","type":"post","link":"https:\/\/nublo.tv\/index.php\/2026\/08\/10\/el-cabildo-organiza-un-foro-para-analizar-las-oportunidades-de-la-industria-canaria-en-la-transicion-energetica\/","title":{"rendered":"El Cabildo organiza un foro para analizar las oportunidades de la industria canaria en la transici\u00f3n energ\u00e9tica"},"content":{"rendered":"<div>\n<p>El encuentro abordar\u00e1 el impacto de la nueva pol\u00edtica industrial europea en la competitividad y la descarbonizaci\u00f3n de la industria canaria<\/p>\n<p>\u2018Descarbonizar para Competir\u2019 se celebrar\u00e1 en dos jornadas: el 14 de julio en Gran Canaria y el 15 de julio en Tenerife, con la participaci\u00f3n de expertos, representantes institucionales y empresas del sector<\/p>\n<p><strong>Gran Canaria, 8 de julio de 2026.<\/strong>\u00a0El Cabildo de Gran Canaria, a trav\u00e9s del Consejo Insular de la Energ\u00eda de Gran Canaria (CIEGC), organiza junto al Cabildo de Tenerife, la Asociaci\u00f3n Industrial de Canarias (ASINCA) y Fedarene, el foro \u2018Descarbonizar para Competir\u2019, una iniciativa que promover\u00e1 el an\u00e1lisis y el intercambio de experiencias sobre el impacto de la nueva pol\u00edtica industrial europea y los retos y oportunidades que plantea la descarbonizaci\u00f3n para avanzar hacia una industria m\u00e1s sostenible, eficiente y competitiva.<\/p>\n<\/div>\n<div>\n<p>El foro se desarrollar\u00e1 en dos jornadas con el mismo programa, que se celebrar\u00e1n los d\u00edas 14 y 15 de julio en Gran Canaria y Tenerife, respectivamente. La primera sesi\u00f3n tendr\u00e1 lugar en la sede del Consejo Insular de la Energ\u00eda de Gran Canaria, mientras que la segunda se celebrar\u00e1 en Tenerife. Ambas reunir\u00e1n a representantes de las administraciones p\u00fablicas, el tejido empresarial y el sector energ\u00e9tico para analizar la nueva pol\u00edtica industrial europea y su impacto en la competitividad de Canarias.<\/p>\n<\/div>\n<div>\n<p>En este contexto, Alana Rawlins, responsable de Prospectiva Estrat\u00e9gica y Relaciones Internacionales del Ente Vasco de la Energ\u00eda, explicar\u00e1 las claves de esta nueva estrategia europea y las oportunidades que abre para impulsar una industria m\u00e1s competitiva, innovadora y descarbonizada. Por su parte, Joaqu\u00edn Villar, responsable de Internacionalizaci\u00f3n, Innovaci\u00f3n y Proyectos de la Agencia Andaluza de la Energ\u00eda, presentar\u00e1 las actuaciones que est\u00e1 desarrollando Andaluc\u00eda para acompa\u00f1ar a su industria en este proceso de transici\u00f3n y adaptaci\u00f3n al nuevo marco europeo.<\/p>\n<\/div>\n<div>\n<p>El programa contar\u00e1 adem\u00e1s con la participaci\u00f3n de Ra\u00fal Garc\u00eda Brink, consejero de Medio Ambiente, Clima, Energ\u00eda y Conocimiento del Cabildo de Gran Canaria; Julieta Schallenberg, viceconsejera de Transici\u00f3n Ecol\u00f3gica, Lucha contra el Cambio Clim\u00e1tico y Energ\u00eda del Gobierno de Canarias, y Blanca P\u00e9rez, consejera de Medio Ambiente, Sostenibilidad, Seguridad y Emergencias del Cabildo de Tenerife, as\u00ed como con una mesa redonda en la que empresas industriales asociadas a ASINCA compartir\u00e1n sus experiencias.<\/p>\n<\/div>\n<div>Durante las jornadas se analizar\u00e1n cuestiones como la nueva pol\u00edtica industrial europea y su impacto en la competitividad empresarial, las estrategias de descarbonizaci\u00f3n aplicadas al sector industrial, los programas de apoyo impulsados por las distintas administraciones y casos pr\u00e1cticos relacionados con la eficiencia energ\u00e9tica, la electrificaci\u00f3n, las energ\u00edas renovables, la econom\u00eda circular y la innovaci\u00f3n industrial.<\/div>\n<div>\n<p>El foro incluir\u00e1 adem\u00e1s un espacio de\u00a0<em>networking<\/em>\u00a0destinado a fomentar el intercambio de experiencias y buenas pr\u00e1cticas entre empresas, profesionales e instituciones.<\/p>\n<\/div>\n<div>La participaci\u00f3n es gratuita, con plazas limitadas y previa inscripci\u00f3n a trav\u00e9s del siguiente formulario.<\/div>\n<div>\n<p>La iniciativa est\u00e1 organizada por el Cabildo de Gran Canaria, a trav\u00e9s del Consejo Insular de la Energ\u00eda, el Cabildo de Tenerife, ASINCA y Fedarene, y cuenta con la colaboraci\u00f3n de la Agencia Andaluza de la Energ\u00eda, el Ente Vasco de la Energ\u00eda, el Instituto Tecnol\u00f3gico de Canarias (ITC), la C\u00e1mara de Comercio de Santa Cruz de Tenerife y el Instituto Tecnol\u00f3gico y de Energ\u00edas Renovables (ITER).<\/p>\n<p><img loading=\"lazy\" decoding=\"async\" class=\"alignleft size-full wp-image-8274\" src=\"https:\/\/www.energiagrancanaria.com\/descargas\/la-nueva-politica-industrial-europea-y-las-oportunidades-para-la-industria-canaria-en-la-transicion-energetica-2.png\" alt=\"\" width=\"1080\" height=\"1350\" \/><\/p>\n<\/div>\n","protected":false},"excerpt":{"rendered":"<p>El encuentro abordar\u00e1 el impacto de la nueva pol\u00edtica industrial europea en la competitividad y la descarbonizaci\u00f3n de la industria canaria \u2018Descarbonizar para Competir\u2019 se celebrar\u00e1 en dos jornadas: el&hellip;<\/p>\n","protected":false},"author":1,"featured_media":2861,"comment_status":"open","ping_status":"open","sticky":false,"template":"","format":"standard","meta":{"wpai_generated_summary":"","wpai_meta_description":"","footnotes":""},"categories":[121],"tags":[],"class_list":["post-2860","post","type-post","status-publish","format-standard","has-post-thumbnail","hentry","category-noticias"],"_links":{"self":[{"href":"https:\/\/nublo.tv\/index.php\/wp-json\/wp\/v2\/posts\/2860","targetHints":{"allow":["GET"]}}],"collection":[{"href":"https:\/\/nublo.tv\/index.php\/wp-json\/wp\/v2\/posts"}],"about":[{"href":"https:\/\/nublo.tv\/index.php\/wp-json\/wp\/v2\/types\/post"}],"author":[{"embeddable":true,"href":"https:\/\/nublo.tv\/index.php\/wp-json\/wp\/v2\/users\/1"}],"replies":[{"embeddable":true,"href":"https:\/\/nublo.tv\/index.php\/wp-json\/wp\/v2\/comments?post=2860"}],"version-history":[{"count":1,"href":"https:\/\/nublo.tv\/index.php\/wp-json\/wp\/v2\/posts\/2860\/revisions"}],"predecessor-version":[{"id":3001,"href":"https:\/\/nublo.tv\/index.php\/wp-json\/wp\/v2\/posts\/2860\/revisions\/3001"}],"wp:featuredmedia":[{"embeddable":true,"href":"https:\/\/nublo.tv\/index.php\/wp-json\/wp\/v2\/media\/2861"}],"wp:attachment":[{"href":"https:\/\/nublo.tv\/index.php\/wp-json\/wp\/v2\/media?parent=2860"}],"wp:term":[{"taxonomy":"category","embeddable":true,"href":"https:\/\/nublo.tv\/index.php\/wp-json\/wp\/v2\/categories?post=2860"},{"taxonomy":"post_tag","embeddable":true,"href":"https:\/\/nublo.tv\/index.php\/wp-json\/wp\/v2\/tags?post=2860"}],"curies":[{"name":"wp","href":"https:\/\/api.w.org\/{rel}","templated":true}]}}