{"id":2862,"date":"2026-08-10T19:18:01","date_gmt":"2026-08-10T18:18:01","guid":{"rendered":"https:\/\/nublo.tv\/?p=2862"},"modified":"2026-08-10T19:18:01","modified_gmt":"2026-08-10T18:18:01","slug":"el-cabildo-inaugura-una-planta-solar-en-el-garanon-que-cubrira-el-60-de-su-consumo-energetico","status":"publish","type":"post","link":"https:\/\/nublo.tv\/index.php\/2026\/08\/10\/el-cabildo-inaugura-una-planta-solar-en-el-garanon-que-cubrira-el-60-de-su-consumo-energetico\/","title":{"rendered":"El Cabildo inaugura una planta solar en El Gara\u00f1\u00f3n que cubrir\u00e1 el 60% de su consumo energ\u00e9tico"},"content":{"rendered":"<p dir=\"ltr\"><b><img loading=\"lazy\" decoding=\"async\" class=\"size-full wp-image-8342 alignnone\" src=\"https:\/\/www.energiagrancanaria.com\/descargas\/logos-fondos-eu.png\" alt=\"\" width=\"1305\" height=\"157\" \/><\/p>\n<p class=\"small-margin\">\nEste proyecto se enmarca en el P<\/b><b>rograma de Planes de Sostenibilidad Tur\u00edstica en Destino financiado con cargo al Mecanismo de Recuperaci\u00f3n y Resiliencia \u2013 NEXT GENERATIONEU.<\/b><\/p>\n<p>La instalaci\u00f3n, impulsada por el Consejo Insular de la Energ\u00eda, incluye almacenamiento de energ\u00eda y puntos de recarga para veh\u00edculos el\u00e9ctricos<\/p>\n<p dir=\"ltr\"><strong>Gran Canaria, 3 de julio de 2026-.<\/strong> El Cabildo de Gran Canaria, a trav\u00e9s del Consejo Insular de la Energ\u00eda, ha inaugurado hoy una planta solar fotovoltaica en el Campamento El Gara\u00f1\u00f3n, una actuaci\u00f3n que permitir\u00e1 cubrir aproximadamente el 60% del consumo el\u00e9ctrico anual del complejo mediante autoconsumo directo.<\/p>\n<p dir=\"ltr\">Al acto de inauguraci\u00f3n acudieron el consejero de Medio Ambiente, Clima, Energ\u00eda y Conocimiento del Cabildo de Gran Canaria, Ra\u00fal Garc\u00eda Brink; la responsable del proyecto Reserva de la Biosfera de Gran Canaria, Pilar P\u00e9rez; y el concejal de Participaci\u00f3n Ciudadana del Ayuntamiento de Tejeda, Adrian Su\u00e1rez.<\/p>\n<p dir=\"ltr\">La instalaci\u00f3n, promovida por el Consejo Insular de la Energ\u00eda de Gran Canaria (CIEGC) en colaboraci\u00f3n con el Instituto Insular de Deportes y el Instituto Insular para la Gesti\u00f3n Integrada del Patrimonio Mundial y la Reserva de la Biosfera, ha contado con una inversi\u00f3n de 214.251,16 euros destinada a impulsar la transici\u00f3n hacia un modelo energ\u00e9tico m\u00e1s sostenible y a disminuir la huella de carbono de los equipamientos insulares.<\/p>\n<p><img loading=\"lazy\" decoding=\"async\" class=\"size-full wp-image-8259 alignnone\" src=\"https:\/\/www.energiagrancanaria.com\/descargas\/instalacion-solar-garanon-2.jpeg\" alt=\"\" width=\"1600\" height=\"1200\" \/><\/p>\n<p>Ra\u00fal Garc\u00eda Brink destac\u00f3 que \u201cesta actuaci\u00f3n forma parte de la estrategia del Cabildo de Gran Canaria orientada a aprovechar espacios ya transformados para generar energ\u00eda limpia, incorporar almacenamiento para maximizar la autosuficiencia y avanzar en la movilidad el\u00e9ctrica. Con actuaciones como esta reducimos emisiones, disminuimos el gasto energ\u00e9tico de las instalaciones p\u00fablicas y seguimos avanzando hacia una isla m\u00e1s resiliente y autosuficiente\u201d.<\/p>\n<p dir=\"ltr\">El consejero aprovech\u00f3 la ocasi\u00f3n para agradecer la colaboraci\u00f3n entre las distintas \u00e1reas del Cabildo y la implicaci\u00f3n en la modernizaci\u00f3n de los espacios naturales. \u201cLa sostenibilidad debe llegar a todos los puntos de la isla, incluyendo aquellos entornos verdes y recreativos, como es el Campamento El Gara\u00f1\u00f3n, que debe contar con servicios energ\u00e9ticos sostenibles y de calidad\u201d.<\/p>\n<p dir=\"ltr\">Por su parte, Pilar P\u00e9rez recalc\u00f3 que \u201cEl Gara\u00f1\u00f3n es un \u00e1rea declarada Patrimonio Mundial y Reserva de la Biosfera de Gran Canaria. Esta actuaci\u00f3n va en sinton\u00eda con todos los objetivos y valores de estas dos figuras de la Unesco. En total, el Plan de Sostenibilidad Tur\u00edstica del Cabildo ha aportado unos 8 millones de euros en inversiones en esta \u00e1rea y se suma a todas las intervenciones que tambi\u00e9n ha hecho el Consejo Insular de Energ\u00eda en los centros de visitantes del Patrimonio Mundial y la Reserva de la Biosfera\u201d, afirm\u00f3.<\/p>\n<p dir=\"ltr\">La actuaci\u00f3n forma parte del programa de despliegue de instalaciones de autoconsumo que desarrolla el Consejo Insular de la Energ\u00eda de Gran Canaria en edificios e infraestructuras p\u00fablicas de la isla. Con este tipo de proyectos el Cabildo contin\u00faa impulsando un modelo energ\u00e9tico basado en las energ\u00edas renovables, la eficiencia energ\u00e9tica y el almacenamiento, contribuyendo as\u00ed a reducir la dependencia energ\u00e9tica y avanzar hacia la neutralidad clim\u00e1tica.<\/p>\n<p dir=\"ltr\"><strong>Autoconsumo y movilidad el\u00e9ctrica<\/strong><\/p>\n<p dir=\"ltr\">La infraestructura, instalada por la empresa Ecomove Canarias, est\u00e1 conformada por 125 m\u00f3dulos solares de 445 kilovatios cada uno, alcanzando una potencia pico total de 55,63 kWp, y dota al campamento de 50 kW de potencia nominal, capaz de producir 85.372 kWh de energ\u00eda renovable al a\u00f1o.<\/p>\n<p dir=\"ltr\">El 40% restante del total de energ\u00eda generada se destinar\u00e1 a un sistema de almacenamiento con una capacidad de 82,56 kWh, lo que permitir\u00e1 aprovechar la producci\u00f3n renovable fuera de las horas de sol, aumentar la autonom\u00eda energ\u00e9tica de la instalaci\u00f3n y reducir la dependencia de la red el\u00e9ctrica.<\/p>\n<p dir=\"ltr\">El proyecto contempla tambi\u00e9n la instalaci\u00f3n de dos puntos de recarga de 7,4 kW para veh\u00edculos el\u00e9ctricos, una medida que contribuye a ampliar la red insular de infraestructuras de movilidad sostenible y a fomentar la transici\u00f3n hacia sistemas de transporte m\u00e1s eficientes.<\/p>\n<p dir=\"ltr\">Gracias a esta actuaci\u00f3n se evitar\u00e1 la emisi\u00f3n de 44,31 toneladas de CO2 al a\u00f1o, una reducci\u00f3n equivalente a la capacidad de absorci\u00f3n de 55 \u00e1rboles, mientras que la energ\u00eda generada equivale al consumo el\u00e9ctrico anual de 22 viviendas.<\/p>\n<p><img loading=\"lazy\" decoding=\"async\" class=\"size-full wp-image-8258 alignnone\" src=\"https:\/\/www.energiagrancanaria.com\/descargas\/punto-de-recarga-para-vehiculos-electricos-en-el-garanon.jpeg\" alt=\"\" width=\"1600\" height=\"1200\" \/><\/p>\n","protected":false},"excerpt":{"rendered":"<p>Este proyecto se enmarca en el Programa de Planes de Sostenibilidad Tur\u00edstica en Destino financiado con cargo al Mecanismo de Recuperaci\u00f3n y Resiliencia \u2013 NEXT GENERATIONEU. La instalaci\u00f3n, impulsada por&hellip;<\/p>\n","protected":false},"author":1,"featured_media":3000,"comment_status":"open","ping_status":"open","sticky":false,"template":"","format":"standard","meta":{"wpai_generated_summary":"","wpai_meta_description":"","footnotes":""},"categories":[121],"tags":[],"class_list":["post-2862","post","type-post","status-publish","format-standard","has-post-thumbnail","hentry","category-noticias"],"_links":{"self":[{"href":"https:\/\/nublo.tv\/index.php\/wp-json\/wp\/v2\/posts\/2862","targetHints":{"allow":["GET"]}}],"collection":[{"href":"https:\/\/nublo.tv\/index.php\/wp-json\/wp\/v2\/posts"}],"about":[{"href":"https:\/\/nublo.tv\/index.php\/wp-json\/wp\/v2\/types\/post"}],"author":[{"embeddable":true,"href":"https:\/\/nublo.tv\/index.php\/wp-json\/wp\/v2\/users\/1"}],"replies":[{"embeddable":true,"href":"https:\/\/nublo.tv\/index.php\/wp-json\/wp\/v2\/comments?post=2862"}],"version-history":[{"count":1,"href":"https:\/\/nublo.tv\/index.php\/wp-json\/wp\/v2\/posts\/2862\/revisions"}],"predecessor-version":[{"id":2999,"href":"https:\/\/nublo.tv\/index.php\/wp-json\/wp\/v2\/posts\/2862\/revisions\/2999"}],"wp:featuredmedia":[{"embeddable":true,"href":"https:\/\/nublo.tv\/index.php\/wp-json\/wp\/v2\/media\/3000"}],"wp:attachment":[{"href":"https:\/\/nublo.tv\/index.php\/wp-json\/wp\/v2\/media?parent=2862"}],"wp:term":[{"taxonomy":"category","embeddable":true,"href":"https:\/\/nublo.tv\/index.php\/wp-json\/wp\/v2\/categories?post=2862"},{"taxonomy":"post_tag","embeddable":true,"href":"https:\/\/nublo.tv\/index.php\/wp-json\/wp\/v2\/tags?post=2862"}],"curies":[{"name":"wp","href":"https:\/\/api.w.org\/{rel}","templated":true}]}}