{"id":2864,"date":"2026-08-10T19:17:56","date_gmt":"2026-08-10T18:17:56","guid":{"rendered":"https:\/\/nublo.tv\/?p=2864"},"modified":"2026-08-10T19:17:56","modified_gmt":"2026-08-10T18:17:56","slug":"el-ciegc-presenta-la-estrategia-de-gran-canaria-en-las-jornadas-sobre-el-futuro-energetico-de-canarias-de-la-ulpgc","status":"publish","type":"post","link":"https:\/\/nublo.tv\/index.php\/2026\/08\/10\/el-ciegc-presenta-la-estrategia-de-gran-canaria-en-las-jornadas-sobre-el-futuro-energetico-de-canarias-de-la-ulpgc\/","title":{"rendered":"El CIEGC presenta la estrategia de Gran Canaria en las jornadas sobre el Futuro Energ\u00e9tico de Canarias de la ULPGC"},"content":{"rendered":"<p><span style=\"font-weight: 400\">El director insular de Energ\u00eda y Clima del Cabildo de Gran Canaria, Alexis Lozano, particip\u00f3 como ponente en las \u2018Jornadas sobre el Futuro Energ\u00e9tico de Canarias. Claves para 2050\u2019, celebradas en la Universidad de Las Palmas de Gran Canaria (ULPGC), donde expuso las principales l\u00edneas de actuaci\u00f3n que est\u00e1 impulsando la isla para consolidar un modelo energ\u00e9tico m\u00e1s sostenible, resiliente y con mayor independencia.<\/span><\/p>\n<p><span style=\"font-weight: 400\">Lozano present\u00f3 la estrategia que desarrolla el Cabildo de Gran Canaria a trav\u00e9s del Consejo Insular de la Energ\u00eda, estructurada en torno a tres ejes fundamentales: el impulso de la movilidad el\u00e9ctrica, el desarrollo de instalaciones renovables p\u00fablicas y la promoci\u00f3n de las comunidades energ\u00e9ticas como herramienta de participaci\u00f3n ciudadana.<\/span><\/p>\n<p><b>Una red de recarga que da cobertura a toda la isla<\/b><\/p>\n<p><span style=\"font-weight: 400\">En materia de movilidad el\u00e9ctrica destac\u00f3 la consolidaci\u00f3n de la Red Insular de Recarga de Veh\u00edculos El\u00e9rctricos de Gran Canaria, que dispone actualmente de 59 puntos de recarga distribuidos en los 21 municipios de la isla. Esta infraestructura permite recorrer la isla con veh\u00edculos el\u00e9ctricos y contin\u00faa ampli\u00e1ndose mediante la incorporaci\u00f3n de nuevos puntos de carga r\u00e1pida y ultrarr\u00e1pida.<\/span><\/p>\n<p><span style=\"font-weight: 400\">Asimismo se\u00f1al\u00f3 que durante el \u00faltimo a\u00f1o la red super\u00f3 las 53.000 recargas suministrando m\u00e1s de un mill\u00f3n de kilovatios hora de energ\u00eda, unos datos que reflejan el crecimiento sostenido de la movilidad el\u00e9ctrica y la creciente utilizaci\u00f3n de esta infraestructura por parte de la ciudadan\u00eda.<\/span><\/p>\n<p><b>M\u00e1s generaci\u00f3n renovable en infraestructuras p\u00fablicas<\/b><\/p>\n<p><span style=\"font-weight: 400\">Otro de los \u00e1mbitos abordados fue el importante esfuerzo inversor que est\u00e1 realizando el Cabildo para incrementar la producci\u00f3n de energ\u00eda renovable en edificios e infraestructuras p\u00fablicas.<\/span><\/p>\n<p><span style=\"font-weight: 400\">Entre las actuaciones en marcha destac\u00f3 las instalaciones fotovoltaicas ejecutadas y en desarrollo en centros sociosanitarios, instalaciones deportivas, edificios p\u00fablicos, marquesinas de aparcamientos y otros espacios antropizados. Estos proyectos incorporan, adem\u00e1s, sistemas de almacenamiento energ\u00e9tico que permiten optimizar el aprovechamiento de la energ\u00eda generada y mejorar la gesti\u00f3n de la demanda.<\/span><\/p>\n<p><b>Gran Canaria, referente en comunidades energ\u00e9ticas<\/b><\/p>\n<p><span style=\"font-weight: 400\">La ponencia dedic\u00f3 un espacio destacado al desarrollo de las comunidades energ\u00e9ticas, consideradas una de las principales herramientas para democratizar el acceso a la energ\u00eda y favorecer la implicaci\u00f3n de la ciudadan\u00eda en la transici\u00f3n energ\u00e9tica.<\/span><\/p>\n<p><span style=\"font-weight: 400\">En este sentido, Alexis Lozano expuso la experiencia de Gran Canaria como referente nacional, con iniciativas ya desarrolladas en Siete Palmas, Playa del Ingl\u00e9s, Arinaga y Jin\u00e1mar, que suman 2,6 MWp de potencia fotovoltaica, una inversi\u00f3n superior a 3 millones de euros y un potencial de ahorro en la factura el\u00e9ctrica de entre el 40 % y el 60 % para las personas participantes.<\/span><\/p>\n<p><span style=\"font-weight: 400\">Asimismo, explic\u00f3 el modelo de acompa\u00f1amiento integral que presta el Consejo Insular de la Energ\u00eda, ofreciendo asistencia t\u00e9cnica, jur\u00eddica, administrativa y de gesti\u00f3n del autoconsumo colectivo para facilitar la creaci\u00f3n y consolidaci\u00f3n de estas comunidades y superar las principales barreras existentes para su implantaci\u00f3n.<\/span><\/p>\n<p><b>Un modelo energ\u00e9tico para el futuro<\/b><\/p>\n<p><span style=\"font-weight: 400\">Como cierre de su intervenci\u00f3n, el director insular defendi\u00f3 que la transici\u00f3n energ\u00e9tica de Gran Canaria debe sustentarse en una combinaci\u00f3n de infraestructuras p\u00fablicas, generaci\u00f3n renovable distribuida, almacenamiento energ\u00e9tico, movilidad el\u00e9ctrica y participaci\u00f3n activa de la ciudadan\u00eda.<\/span><\/p>\n<p><span style=\"font-weight: 400\">Este modelo, se\u00f1al\u00f3, permitir\u00e1 seguir avanzando hacia una isla m\u00e1s sostenible, resiliente y con una mayor soberan\u00eda energ\u00e9tica, en l\u00ednea con los objetivos marcados para el horizonte 2040.<\/span><\/p>\n","protected":false},"excerpt":{"rendered":"<p>El director insular de Energ\u00eda y Clima del Cabildo de Gran Canaria, Alexis Lozano, particip\u00f3 como ponente en las \u2018Jornadas sobre el Futuro Energ\u00e9tico de Canarias. Claves para 2050\u2019, celebradas&hellip;<\/p>\n","protected":false},"author":1,"featured_media":2865,"comment_status":"open","ping_status":"open","sticky":false,"template":"","format":"standard","meta":{"wpai_generated_summary":"","wpai_meta_description":"","footnotes":""},"categories":[121],"tags":[],"class_list":["post-2864","post","type-post","status-publish","format-standard","has-post-thumbnail","hentry","category-noticias"],"_links":{"self":[{"href":"https:\/\/nublo.tv\/index.php\/wp-json\/wp\/v2\/posts\/2864","targetHints":{"allow":["GET"]}}],"collection":[{"href":"https:\/\/nublo.tv\/index.php\/wp-json\/wp\/v2\/posts"}],"about":[{"href":"https:\/\/nublo.tv\/index.php\/wp-json\/wp\/v2\/types\/post"}],"author":[{"embeddable":true,"href":"https:\/\/nublo.tv\/index.php\/wp-json\/wp\/v2\/users\/1"}],"replies":[{"embeddable":true,"href":"https:\/\/nublo.tv\/index.php\/wp-json\/wp\/v2\/comments?post=2864"}],"version-history":[{"count":1,"href":"https:\/\/nublo.tv\/index.php\/wp-json\/wp\/v2\/posts\/2864\/revisions"}],"predecessor-version":[{"id":2998,"href":"https:\/\/nublo.tv\/index.php\/wp-json\/wp\/v2\/posts\/2864\/revisions\/2998"}],"wp:featuredmedia":[{"embeddable":true,"href":"https:\/\/nublo.tv\/index.php\/wp-json\/wp\/v2\/media\/2865"}],"wp:attachment":[{"href":"https:\/\/nublo.tv\/index.php\/wp-json\/wp\/v2\/media?parent=2864"}],"wp:term":[{"taxonomy":"category","embeddable":true,"href":"https:\/\/nublo.tv\/index.php\/wp-json\/wp\/v2\/categories?post=2864"},{"taxonomy":"post_tag","embeddable":true,"href":"https:\/\/nublo.tv\/index.php\/wp-json\/wp\/v2\/tags?post=2864"}],"curies":[{"name":"wp","href":"https:\/\/api.w.org\/{rel}","templated":true}]}}