{"id":2868,"date":"2026-08-10T19:17:49","date_gmt":"2026-08-10T18:17:49","guid":{"rendered":"https:\/\/nublo.tv\/?p=2868"},"modified":"2026-08-10T19:17:49","modified_gmt":"2026-08-10T18:17:49","slug":"gran-canaria-culmina-con-exito-la-convocatoria-de-ayudas-para-instalaciones-fotovoltaicas-en-viviendas-al-completarse-el-credito-disponible","status":"publish","type":"post","link":"https:\/\/nublo.tv\/index.php\/2026\/08\/10\/gran-canaria-culmina-con-exito-la-convocatoria-de-ayudas-para-instalaciones-fotovoltaicas-en-viviendas-al-completarse-el-credito-disponible\/","title":{"rendered":"Gran Canaria culmina con \u00e9xito la convocatoria de ayudas para instalaciones fotovoltaicas en viviendas al completarse el cr\u00e9dito disponible"},"content":{"rendered":"<p><span style=\"font-weight: 400\">Se han presentado m\u00e1s de 400 solicitudes desde su apertura en abril y se ha incrementado el presupuesto inicial hasta un mill\u00f3n de euros<\/span><\/p>\n<p><span style=\"font-weight: 400\">Las convocatorias para la modalidad de autoconsumo colectivo y comunidades energ\u00e9ticas y para empresas y entidades sin \u00e1nimo de lucro siguen abiertas\u00a0<\/span><\/p>\n<p><b>Gran Canaria, 12 de junio de 2026-<\/b><span style=\"font-weight: 400\">. El Consejo Insular de la Energ\u00eda de Gran Canaria (CIEGC) ha informado del cierre de la convocatoria de ayudas para el fomento de instalaciones de energ\u00eda solar fotovoltaica en viviendas de 2026, tras agotarse el cr\u00e9dito, que se ampli\u00f3 de los 700.000 euros iniciales hasta un mill\u00f3n de euros, debido al gran \u00e9xito de participaci\u00f3n.<\/span><\/p>\n<p><span style=\"font-weight: 400\">A la l\u00ednea de ayudas que se abri\u00f3 en abril se han presentado m\u00e1s de 400 solicitudes y est\u00e1 prevista su resoluci\u00f3n antes de finales de a\u00f1o.\u00a0<\/span><\/p>\n<p><span style=\"font-weight: 400\">El consejero de de \u00c1rea de Medio Ambiente, Clima, Energ\u00eda y Conocimiento del Cabildo de Gran Canaria, Ra\u00fal Garc\u00eda Brink, celebra el \u201cgran \u00e9xito\u201d de esta convocatoria y asegura que esta cifra \u201ccorrobora la implicaci\u00f3n de la ciudadan\u00eda grancanaria en la revoluci\u00f3n de las azoteas liderada desde el Cabildo insular, que lleva a\u00f1os impulsando un modelo energ\u00e9tico para la isla m\u00e1s limpio, resiliente y justo\u201d.<\/span><\/p>\n<p><span style=\"font-weight: 400\">Para facilitar la planificaci\u00f3n a la ciudadan\u00eda de cara a la pr\u00f3xima convocatoria, el CIEGC informa de que la convocatoria de 2027 se lanzar\u00e1 en el primer trimestre del pr\u00f3ximo a\u00f1o y solamente ser\u00e1n objeto de subvenci\u00f3n los gastos elegibles en los que se incurra a partir del 1 de enero de 2027.<\/span><\/p>\n<p><b>Otras convocatorias de 2026 que siguen abiertas<\/b><\/p>\n<p><span style=\"font-weight: 400\">Desde la corporaci\u00f3n insular se\u00f1alan que siguen abiertas las convocatorias de este a\u00f1o destinadas a fomentar la ejecuci\u00f3n de instalaciones de energ\u00eda solar fotovoltaica en modalidad de autoconsumo colectivo, as\u00ed como el desarrollo de proyectos promovidos por comunidades energ\u00e9ticas en la isla.<\/span><\/p>\n<p><span style=\"font-weight: 400\">La convocatoria cuenta con una dotaci\u00f3n econ\u00f3mica inicial de 175.000 euros. Las ayudas podr\u00e1n alcanzar hasta un m\u00e1ximo de 20.000 euros por proyecto, distribuidos en dos conceptos. Por un lado, una cuant\u00eda de hasta 500 euros por kilovatio (kW) de potencia instalada, con un l\u00edmite de 15.000 euros, y por otro, una cuant\u00eda adicional de hasta 300 euros por kilovatio hora (kWh) de capacidad de almacenamiento, con un m\u00e1ximo de 5.000 euros.\u00a0<\/span><\/p>\n<p><span style=\"font-weight: 400\">Estas subvenciones est\u00e1n dirigidas a comunidades de propietarios, agrupaciones de personas f\u00edsicas o jur\u00eddicas privadas y comunidades energ\u00e9ticas legalmente constituidas, siempre que cumplan los requisitos establecidos en la normativa reguladora.<\/span><\/p>\n<p><span style=\"font-weight: 400\">El plazo de presentaci\u00f3n de solicitudes permanecer\u00e1 abierto hasta el 31 de diciembre de 2026, o hasta el agotamiento del cr\u00e9dito disponible. Las solicitudes deber\u00e1n presentarse preferentemente por v\u00eda telem\u00e1tica a trav\u00e9s de la sede electr\u00f3nica del CIEGC <\/span><a href=\"https:\/\/energiagrancanaria.sedelectronica.es\/\"><span style=\"font-weight: 400\">https:\/\/energiagrancanaria.sedelectronica.es\/<\/span><\/a><span style=\"font-weight: 400\">. De forma excepcional, las personas f\u00edsicas que no dispongan de medios electr\u00f3nicos podr\u00e1n presentar la solicitud en formato papel en el registro correspondiente.<\/span><\/p>\n<p><span style=\"font-weight: 400\">Tambi\u00e9n contin\u00faa abierta la convocatoria de ayudas para instalaciones de energ\u00eda solar fotovoltaica en empresas y entidades sin \u00e1nimo de lucro, que cuenta con una dotaci\u00f3n de 125.000 euros para subvenciones de hasta 4.000 euros en funci\u00f3n de la potencia instalada, de hasta 1.000 euros por capacidad de almacenamiento.<\/span><\/p>\n","protected":false},"excerpt":{"rendered":"<p>Se han presentado m\u00e1s de 400 solicitudes desde su apertura en abril y se ha incrementado el presupuesto inicial hasta un mill\u00f3n de euros Las convocatorias para la modalidad de&hellip;<\/p>\n","protected":false},"author":1,"featured_media":2869,"comment_status":"open","ping_status":"open","sticky":false,"template":"","format":"standard","meta":{"wpai_generated_summary":"","wpai_meta_description":"","footnotes":""},"categories":[121],"tags":[],"class_list":["post-2868","post","type-post","status-publish","format-standard","has-post-thumbnail","hentry","category-noticias"],"_links":{"self":[{"href":"https:\/\/nublo.tv\/index.php\/wp-json\/wp\/v2\/posts\/2868","targetHints":{"allow":["GET"]}}],"collection":[{"href":"https:\/\/nublo.tv\/index.php\/wp-json\/wp\/v2\/posts"}],"about":[{"href":"https:\/\/nublo.tv\/index.php\/wp-json\/wp\/v2\/types\/post"}],"author":[{"embeddable":true,"href":"https:\/\/nublo.tv\/index.php\/wp-json\/wp\/v2\/users\/1"}],"replies":[{"embeddable":true,"href":"https:\/\/nublo.tv\/index.php\/wp-json\/wp\/v2\/comments?post=2868"}],"version-history":[{"count":1,"href":"https:\/\/nublo.tv\/index.php\/wp-json\/wp\/v2\/posts\/2868\/revisions"}],"predecessor-version":[{"id":2996,"href":"https:\/\/nublo.tv\/index.php\/wp-json\/wp\/v2\/posts\/2868\/revisions\/2996"}],"wp:featuredmedia":[{"embeddable":true,"href":"https:\/\/nublo.tv\/index.php\/wp-json\/wp\/v2\/media\/2869"}],"wp:attachment":[{"href":"https:\/\/nublo.tv\/index.php\/wp-json\/wp\/v2\/media?parent=2868"}],"wp:term":[{"taxonomy":"category","embeddable":true,"href":"https:\/\/nublo.tv\/index.php\/wp-json\/wp\/v2\/categories?post=2868"},{"taxonomy":"post_tag","embeddable":true,"href":"https:\/\/nublo.tv\/index.php\/wp-json\/wp\/v2\/tags?post=2868"}],"curies":[{"name":"wp","href":"https:\/\/api.w.org\/{rel}","templated":true}]}}