{"id":2870,"date":"2026-08-10T19:17:45","date_gmt":"2026-08-10T18:17:45","guid":{"rendered":"https:\/\/nublo.tv\/?p=2870"},"modified":"2026-08-10T19:17:45","modified_gmt":"2026-08-10T18:17:45","slug":"el-consejo-insular-de-la-energia-de-gran-canaria-mantiene-una-reunion-de-trabajo-con-el-idae","status":"publish","type":"post","link":"https:\/\/nublo.tv\/index.php\/2026\/08\/10\/el-consejo-insular-de-la-energia-de-gran-canaria-mantiene-una-reunion-de-trabajo-con-el-idae\/","title":{"rendered":"El consejo Insular de la Energ\u00eda de Gran Canaria mantiene una reuni\u00f3n de trabajo con el IDAE"},"content":{"rendered":"<p style=\"font-weight: 400\"><strong>Gran Canaria, 12 de junio de 2026-<\/strong>.\u00a0El consejero de Medio Ambiente, Clima, Energ\u00eda y Conocimiento del Cabildo de Gran Canaria, Ra\u00fal Garc\u00eda Brink, y el director insular de Energ\u00eda y Clima, Alexis Lozano, mantuvieron una reuni\u00f3n de trabajo con el director general del Instituto para la Diversificaci\u00f3n y Ahorro de la Energ\u00eda (IDAE), Miguel Rodrigo, y\u00a0\u00a0la directora de Energ\u00edas Renovables y Mercado El\u00e9ctrico del citado organismo, Carm\u00e9n L\u00f3pez-Oc\u00f3n.<\/p>\n<p style=\"font-weight: 400\">Durante el encuentro con la entidad p\u00fablica adscrita al Ministerio para la Transici\u00f3n Ecol\u00f3gica y el Reto Demogr\u00e1fico se abordaron diferentes cuestiones relacionadas con la actividad del Consejo Insular de la Energ\u00eda, especialmente una propuesta innovadora sobre la apertura a mercados de la generaci\u00f3n y el almacenamiento en las islas, con el objetivo de adecuar mejor el sistema a una mayor penetracion de energ\u00edas renovables en el archipi\u00e9lago. Asimismo, se presentaron diversos proyectos e iniciativas que impulsa el Cabildo de Gran Canaria en materia de transici\u00f3n energ\u00e9tica, sostenibilidad y eficiencia energ\u00e9tica, \u00e1mbitos en los que la colaboraci\u00f3n y participaci\u00f3n del IDAE se consideran estrat\u00e9gicas para su desarrollo.<\/p>\n<p><img loading=\"lazy\" decoding=\"async\" class=\"alignleft wp-image-8196 size-full\" src=\"https:\/\/www.energiagrancanaria.com\/descargas\/reunion-entre-el-consejo-insular-de-la-energia-y-el-idae.jpg\" alt=\"\" width=\"2804\" height=\"1869\" \/><\/p>\n<p style=\"font-weight: 400\">\n","protected":false},"excerpt":{"rendered":"<p>Gran Canaria, 12 de junio de 2026-.\u00a0El consejero de Medio Ambiente, Clima, Energ\u00eda y Conocimiento del Cabildo de Gran Canaria, Ra\u00fal Garc\u00eda Brink, y el director insular de Energ\u00eda y&hellip;<\/p>\n","protected":false},"author":1,"featured_media":2871,"comment_status":"open","ping_status":"open","sticky":false,"template":"","format":"standard","meta":{"wpai_generated_summary":"","wpai_meta_description":"","footnotes":""},"categories":[121],"tags":[],"class_list":["post-2870","post","type-post","status-publish","format-standard","has-post-thumbnail","hentry","category-noticias"],"_links":{"self":[{"href":"https:\/\/nublo.tv\/index.php\/wp-json\/wp\/v2\/posts\/2870","targetHints":{"allow":["GET"]}}],"collection":[{"href":"https:\/\/nublo.tv\/index.php\/wp-json\/wp\/v2\/posts"}],"about":[{"href":"https:\/\/nublo.tv\/index.php\/wp-json\/wp\/v2\/types\/post"}],"author":[{"embeddable":true,"href":"https:\/\/nublo.tv\/index.php\/wp-json\/wp\/v2\/users\/1"}],"replies":[{"embeddable":true,"href":"https:\/\/nublo.tv\/index.php\/wp-json\/wp\/v2\/comments?post=2870"}],"version-history":[{"count":1,"href":"https:\/\/nublo.tv\/index.php\/wp-json\/wp\/v2\/posts\/2870\/revisions"}],"predecessor-version":[{"id":2995,"href":"https:\/\/nublo.tv\/index.php\/wp-json\/wp\/v2\/posts\/2870\/revisions\/2995"}],"wp:featuredmedia":[{"embeddable":true,"href":"https:\/\/nublo.tv\/index.php\/wp-json\/wp\/v2\/media\/2871"}],"wp:attachment":[{"href":"https:\/\/nublo.tv\/index.php\/wp-json\/wp\/v2\/media?parent=2870"}],"wp:term":[{"taxonomy":"category","embeddable":true,"href":"https:\/\/nublo.tv\/index.php\/wp-json\/wp\/v2\/categories?post=2870"},{"taxonomy":"post_tag","embeddable":true,"href":"https:\/\/nublo.tv\/index.php\/wp-json\/wp\/v2\/tags?post=2870"}],"curies":[{"name":"wp","href":"https:\/\/api.w.org\/{rel}","templated":true}]}}