{"id":2872,"date":"2026-08-10T19:16:24","date_gmt":"2026-08-10T18:16:24","guid":{"rendered":"https:\/\/nublo.tv\/?p=2872"},"modified":"2026-08-27T12:35:26","modified_gmt":"2026-08-27T11:35:26","slug":"el-benesmer-2026-cierra-su-edicion-mas-ambiciosa-con-exito-de-participacion-y-el-estreno-del-centro-de-interpretacion-la-guancha","status":"publish","type":"post","link":"https:\/\/nublo.tv\/index.php\/2026\/08\/10\/el-benesmer-2026-cierra-su-edicion-mas-ambiciosa-con-exito-de-participacion-y-el-estreno-del-centro-de-interpretacion-la-guancha\/","title":{"rendered":"El Be\u00f1esmer 2026 cierra su edici\u00f3n m\u00e1s ambiciosa con \u00e9xito de participaci\u00f3n y el estreno del Centro de Interpretaci\u00f3n La Guancha"},"content":{"rendered":"<p>\u2013 El Festival consolida su car\u00e1cter interinsular con representantes de cinco islas en el Encuentro de Juego del Palo y estrena el \u2018Be\u00f1esmer Chinijo\u2019 como apuesta por la transmisi\u00f3n generacional del patrimonio.<\/p>\n<p>El Festival Be\u00f1esmer 2026 ech\u00f3 el cierre este s\u00e1bado con el concierto de Raquel Molina en la Plaza Mr. Leacock, poniendo el broche de oro a tres jornadas que han convertido a El Agujero en un espacio donde han convergido la cultura y el patrimonio canario. La iniciativa, organizada por el Ayuntamiento de G\u00e1ldar a trav\u00e9s de la Concejal\u00eda de Identidad que dirige Carlos Ruiz Moreno, cierra una edici\u00f3n marcada por el \u00e9xito de participaci\u00f3n, la diversidad de su programaci\u00f3n y el salto cualitativo que ha supuesto la incorporaci\u00f3n del Centro de Interpretaci\u00f3n La Guancha al circuito del festival.<\/p>\n<p>La edici\u00f3n de este a\u00f1o se ha consolidado como un festival que mira al Archipi\u00e9lago, debido a su car\u00e1cter interinsular, que durante tres d\u00edas ha reunido en G\u00e1ldar a colectivos, artesanos, investigadores y artistas de todas las islas. El hito m\u00e1s simb\u00f3lico de esta vocaci\u00f3n de encuentro fue el Gran Encuentro de Juego del Palo Canario, que congreg\u00f3 en la Plaza Mr. Leacock a maestros y escuelas de El Hierro, Gran Canaria, Tenerife, Lanzarote y Fuerteventura, mostrando la riqueza de los distintos estilos de esta disciplina declarada Bien de Inter\u00e9s Cultural (BIC).<\/p>\n<p>La incorporaci\u00f3n del Centro de Interpretaci\u00f3n La Guancha como nuevo escenario del festival ampli\u00f3 el circuito cultural, y tambi\u00e9n dio nacimiento al \u2018Be\u00f1esmer Chinijo\u2019, un espacio creado espec\u00edficamente para que los m\u00e1s peque\u00f1os se apropien del legado aborigen a trav\u00e9s de talleres de lana, pintura con pigmentos naturales, cuentacuentos y actividades l\u00fadicas. La iniciativa ha tenido una excelente acogida entre las familias, confirmando la apuesta del festival por la transmisi\u00f3n generacional del patrimonio.<\/p>\n<p>Tres d\u00edas de patrimonio vivo<\/p>\n<p>La programaci\u00f3n, que combin\u00f3 cultura, reflexi\u00f3n, tradici\u00f3n y divulgaci\u00f3n, ha dejado momentos para el recuerdo. La inauguraci\u00f3n del jueves cont\u00f3 con la charla del investigador Rum\u00e9n Sosa y la m\u00fasica de Generaci\u00f3n del 21. El viernes, el humor y la investigaci\u00f3n se dieron la mano en el podcast \u2018Solo Palique de Be\u00f1esmer\u2019, mientras que la noche se cerr\u00f3 con una visita astron\u00f3mica a La Guancha.<\/p>\n<p>El s\u00e1bado concentr\u00f3 la jornada m\u00e1s intensa con la Feria de Artesan\u00eda, los talleres de escritura amazigh y silbo canario, la exhibici\u00f3n de Levantamiento del Arado a cargo de Juanfra Santana, el Tagoror 15\u2032 sobre la impronta del colonialismo en la Canarias del presente; exhibici\u00f3n de bola canaria; sones ancestrales, la m\u00fasica de pastores y baile, del colectivo Tambor de Cabra y las presentaciones literarias de Teresa Gubern, antes de que el humor de David Garc\u00eda y el concierto de Raquel Molina pusieran el punto y final a una edici\u00f3n que ha demostrado la vigencia y la fuerza de nuestras ra\u00edces.<\/p>\n<p>El concejal de Identidad, Carlos Ruiz Moreno, destac\u00f3 la madurez alcanzada por el festival. \u00abMuchos recordar\u00e1n que esta semilla se plant\u00f3 en 2023, de la mano del colectivo Attidamana. Hoy, esa semilla ha echado ra\u00edces fuertes. Celebramos la consolidaci\u00f3n de un sue\u00f1o colectivo que ha abierto sus brazos a todo el Archipi\u00e9lago\u00bb. Ruiz Moreno subray\u00f3 adem\u00e1s la importancia de la transmisi\u00f3n generacional. \u00abEl patrimonio que no se transmite, se pierde; y nosotros estamos aqu\u00ed para asegurarnos de que no se pierda ni una sola de nuestras se\u00f1as de identidad\u00bb, apunt\u00f3, tras agradecer a los colectivos participantes, a los artesanos, investigadores, y al p\u00fablico participante.<\/p>\n<p>Con esta segunda edici\u00f3n bajo organizaci\u00f3n municipal directa, el Be\u00f1esmer ya forma parte de la agenda cultural del municipio y del Archipi\u00e9lago. Un festival que, como se\u00f1al\u00f3 el investigador Rum\u00e9n Sosa en la inauguraci\u00f3n, es \u00abun ejercicio de memoria hist\u00f3rica para no olvidar que somos un pueblo con unas ra\u00edces muy profundas y que, ante los vientos del presente y del futuro, no podemos perder nuestra identidad\u00bb.<\/p>\n","protected":false},"excerpt":{"rendered":"<p>\u2013 El Festival consolida su car\u00e1cter interinsular con representantes de cinco islas en el Encuentro de Juego del Palo y estrena el \u2018Be\u00f1esmer Chinijo\u2019 como apuesta por la transmisi\u00f3n generacional&hellip;<\/p>\n","protected":false},"author":1,"featured_media":2873,"comment_status":"open","ping_status":"open","sticky":false,"template":"","format":"standard","meta":{"wpai_generated_summary":"","wpai_meta_description":"","footnotes":""},"categories":[129],"tags":[],"class_list":["post-2872","post","type-post","status-publish","format-standard","has-post-thumbnail","hentry","category-ayuntamiento-de-galdar"],"_links":{"self":[{"href":"https:\/\/nublo.tv\/index.php\/wp-json\/wp\/v2\/posts\/2872","targetHints":{"allow":["GET"]}}],"collection":[{"href":"https:\/\/nublo.tv\/index.php\/wp-json\/wp\/v2\/posts"}],"about":[{"href":"https:\/\/nublo.tv\/index.php\/wp-json\/wp\/v2\/types\/post"}],"author":[{"embeddable":true,"href":"https:\/\/nublo.tv\/index.php\/wp-json\/wp\/v2\/users\/1"}],"replies":[{"embeddable":true,"href":"https:\/\/nublo.tv\/index.php\/wp-json\/wp\/v2\/comments?post=2872"}],"version-history":[{"count":1,"href":"https:\/\/nublo.tv\/index.php\/wp-json\/wp\/v2\/posts\/2872\/revisions"}],"predecessor-version":[{"id":2972,"href":"https:\/\/nublo.tv\/index.php\/wp-json\/wp\/v2\/posts\/2872\/revisions\/2972"}],"wp:featuredmedia":[{"embeddable":true,"href":"https:\/\/nublo.tv\/index.php\/wp-json\/wp\/v2\/media\/2873"}],"wp:attachment":[{"href":"https:\/\/nublo.tv\/index.php\/wp-json\/wp\/v2\/media?parent=2872"}],"wp:term":[{"taxonomy":"category","embeddable":true,"href":"https:\/\/nublo.tv\/index.php\/wp-json\/wp\/v2\/categories?post=2872"},{"taxonomy":"post_tag","embeddable":true,"href":"https:\/\/nublo.tv\/index.php\/wp-json\/wp\/v2\/tags?post=2872"}],"curies":[{"name":"wp","href":"https:\/\/api.w.org\/{rel}","templated":true}]}}