{"id":288,"date":"2026-08-04T17:19:27","date_gmt":"2026-08-04T16:19:27","guid":{"rendered":"https:\/\/nublo.tv\/?p=288"},"modified":"2026-08-04T17:19:27","modified_gmt":"2026-08-04T16:19:27","slug":"la-ud-las-palmas-realiza-este-miercoles-5-de-agosto-su-tradicional-visita-a-la-virgen-del-pino","status":"publish","type":"post","link":"https:\/\/nublo.tv\/index.php\/2026\/08\/04\/la-ud-las-palmas-realiza-este-miercoles-5-de-agosto-su-tradicional-visita-a-la-virgen-del-pino\/","title":{"rendered":"La UD Las Palmas realiza este mi\u00e9rcoles 5 de agosto su tradicional visita a la Virgen del Pino"},"content":{"rendered":"<p><strong>El consejo de administraci\u00f3n, la plantilla y el cuerpo t\u00e9cnico acudir\u00e1n este mi\u00e9rcoles 5 de agosto, a las 14:00 h, a la Bas\u00edlica de Teror para realizar la ofrenda floral a la Virgen del Pino antes del comienzo de la temporada.<\/strong><\/p>\n<p>Cumpliendo con la tradici\u00f3n antes del inicio de la temporada, la UD Las Palmas acudir\u00e1 este mi\u00e9rcoles 5 de agosto a la Bas\u00edlica de Nuestra Se\u00f1ora del Pino\u00a0 para realizar la ofrenda floral, en torno a las 14:00 horas.<\/p>\n<p>Como viene siendo habitual antes del inicio de cada temporada, el consejo de administraci\u00f3n, la plantilla y el cuerpo t\u00e9cnico entregar\u00e1n la ofrenda floral a la Virgen del Pino, patrona de la Di\u00f3cesis de Canarias , en la Bas\u00edlica del Pino, donde ser\u00e1n recibidos por el Ayuntamiento de Teror y la Parroquia de Teror, adem\u00e1s de la afici\u00f3n.<\/p>\n<p class=\"placeholder\">\n                                [ Placeholder content for popup link ]<br \/>\n                                <a href=\"https:\/\/www.wpdownloadmanager.com\/\">WordPress Download Manager &#8211; Best Download Management Plugin<\/a>\n                            <\/p>\n","protected":false},"excerpt":{"rendered":"<p>El consejo de administraci\u00f3n, la plantilla y el cuerpo t\u00e9cnico acudir\u00e1n este mi\u00e9rcoles 5 de agosto, a las 14:00 h, a la Bas\u00edlica de Teror para realizar la ofrenda floral&hellip;<\/p>\n","protected":false},"author":21,"featured_media":290,"comment_status":"open","ping_status":"open","sticky":false,"template":"","format":"standard","meta":{"wpai_generated_summary":"","wpai_meta_description":"","footnotes":""},"categories":[141],"tags":[],"class_list":["post-288","post","type-post","status-publish","format-standard","has-post-thumbnail","hentry","category-ayuntamiento-de-teror"],"_links":{"self":[{"href":"https:\/\/nublo.tv\/index.php\/wp-json\/wp\/v2\/posts\/288","targetHints":{"allow":["GET"]}}],"collection":[{"href":"https:\/\/nublo.tv\/index.php\/wp-json\/wp\/v2\/posts"}],"about":[{"href":"https:\/\/nublo.tv\/index.php\/wp-json\/wp\/v2\/types\/post"}],"author":[{"embeddable":true,"href":"https:\/\/nublo.tv\/index.php\/wp-json\/wp\/v2\/users\/21"}],"replies":[{"embeddable":true,"href":"https:\/\/nublo.tv\/index.php\/wp-json\/wp\/v2\/comments?post=288"}],"version-history":[{"count":1,"href":"https:\/\/nublo.tv\/index.php\/wp-json\/wp\/v2\/posts\/288\/revisions"}],"predecessor-version":[{"id":402,"href":"https:\/\/nublo.tv\/index.php\/wp-json\/wp\/v2\/posts\/288\/revisions\/402"}],"wp:featuredmedia":[{"embeddable":true,"href":"https:\/\/nublo.tv\/index.php\/wp-json\/wp\/v2\/media\/290"}],"wp:attachment":[{"href":"https:\/\/nublo.tv\/index.php\/wp-json\/wp\/v2\/media?parent=288"}],"wp:term":[{"taxonomy":"category","embeddable":true,"href":"https:\/\/nublo.tv\/index.php\/wp-json\/wp\/v2\/categories?post=288"},{"taxonomy":"post_tag","embeddable":true,"href":"https:\/\/nublo.tv\/index.php\/wp-json\/wp\/v2\/tags?post=288"}],"curies":[{"name":"wp","href":"https:\/\/api.w.org\/{rel}","templated":true}]}}