{"id":2880,"date":"2026-08-10T19:16:18","date_gmt":"2026-08-10T18:16:18","guid":{"rendered":"https:\/\/nublo.tv\/?p=2880"},"modified":"2026-08-27T12:35:26","modified_gmt":"2026-08-27T11:35:26","slug":"galdar-invierte-8-400-euros-en-nuevos-instrumentos-para-la-escuela-municipal-de-musica","status":"publish","type":"post","link":"https:\/\/nublo.tv\/index.php\/2026\/08\/10\/galdar-invierte-8-400-euros-en-nuevos-instrumentos-para-la-escuela-municipal-de-musica\/","title":{"rendered":"G\u00e1ldar invierte 8.400 euros en nuevos instrumentos para la Escuela Municipal de M\u00fasica"},"content":{"rendered":"<p>\u2013 La inversi\u00f3n, realizada a trav\u00e9s de una subvenci\u00f3n del Cabildo de Gran Canaria por el 100% del importe, permitir\u00e1 renovar y ampliar el equipamiento instrumental<\/p>\n<p>El Ayuntamiento de G\u00e1ldar, a trav\u00e9s de la Concejal\u00eda de la Escuela de M\u00fasica, que dirige Carlos Ruiz Moreno, ha destinado 8.400 euros a la adquisici\u00f3n de nuevos instrumentos y equipamiento musical para la Escuela Municipal de M\u00fasica de G\u00e1ldar \u2018Pedro Espinosa\u2019, una actuaci\u00f3n que permitir\u00e1 continuar renovando y ampliando los recursos disponibles para la formaci\u00f3n de su alumnado.<\/p>\n<p>La inversi\u00f3n se realiza al amparo de la subvenci\u00f3n para la adquisici\u00f3n de instrumentos musicales y accesorios de naturaleza inventariable 2026, impulsada por la Consejer\u00eda de Educaci\u00f3n del Cabildo de Gran Canaria con el objetivo de mejorar la dotaci\u00f3n de las Escuelas Municipales de M\u00fasica de la isla y respaldar las iniciativas de formaci\u00f3n y promoci\u00f3n musical desarrolladas por los municipios.<\/p>\n<p>Esta nueva dotaci\u00f3n permitir\u00e1 mejorar y ampliar el instrumental de la Escuela Municipal de M\u00fasica, facilitando el acceso del alumnado a instrumentos adecuados para su formaci\u00f3n y atendiendo a las necesidades de las diferentes especialidades que se imparten en el centro.<\/p>\n<p>Rub\u00e9n Guerrero, Director de la Escuela Municipal de M\u00fasica, subray\u00f3 especialmente la repercusi\u00f3n que tendr\u00e1 esta inversi\u00f3n en el trabajo diario del centro y destac\u00f3 la continuidad de una l\u00ednea espec\u00edfica de adquisici\u00f3n de instrumentos destinados al alumnado infantil que comienza sus estudios musicales.<\/p>\n<p>\u00abLa renovaci\u00f3n y ampliaci\u00f3n de la dotaci\u00f3n instrumental es una necesidad permanente en una Escuela de M\u00fasica. Los instrumentos son nuestra principal herramienta de trabajo y disponer de material variado y en buenas condiciones repercute directamente en la calidad de la ense\u00f1anza que podemos ofrecer a nuestro alumnado\u00bb, explic\u00f3 Guerrero.<\/p>\n<p>La Escuela Municipal de M\u00fasica de G\u00e1ldar \u2018Pedro Espinosa\u2019 desarrolla una importante labor de formaci\u00f3n y dinamizaci\u00f3n musical en el municipio, acercando el aprendizaje de la m\u00fasica a alumnado de diferentes edades y niveles y contribuyendo a la creaci\u00f3n de nuevas generaciones de m\u00fasicos.<\/p>\n","protected":false},"excerpt":{"rendered":"<p>\u2013 La inversi\u00f3n, realizada a trav\u00e9s de una subvenci\u00f3n del Cabildo de Gran Canaria por el 100% del importe, permitir\u00e1 renovar y ampliar el equipamiento instrumental El Ayuntamiento de G\u00e1ldar,&hellip;<\/p>\n","protected":false},"author":1,"featured_media":2881,"comment_status":"open","ping_status":"open","sticky":false,"template":"","format":"standard","meta":{"wpai_generated_summary":"","wpai_meta_description":"","footnotes":""},"categories":[129],"tags":[],"class_list":["post-2880","post","type-post","status-publish","format-standard","has-post-thumbnail","hentry","category-ayuntamiento-de-galdar"],"_links":{"self":[{"href":"https:\/\/nublo.tv\/index.php\/wp-json\/wp\/v2\/posts\/2880","targetHints":{"allow":["GET"]}}],"collection":[{"href":"https:\/\/nublo.tv\/index.php\/wp-json\/wp\/v2\/posts"}],"about":[{"href":"https:\/\/nublo.tv\/index.php\/wp-json\/wp\/v2\/types\/post"}],"author":[{"embeddable":true,"href":"https:\/\/nublo.tv\/index.php\/wp-json\/wp\/v2\/users\/1"}],"replies":[{"embeddable":true,"href":"https:\/\/nublo.tv\/index.php\/wp-json\/wp\/v2\/comments?post=2880"}],"version-history":[{"count":1,"href":"https:\/\/nublo.tv\/index.php\/wp-json\/wp\/v2\/posts\/2880\/revisions"}],"predecessor-version":[{"id":2970,"href":"https:\/\/nublo.tv\/index.php\/wp-json\/wp\/v2\/posts\/2880\/revisions\/2970"}],"wp:featuredmedia":[{"embeddable":true,"href":"https:\/\/nublo.tv\/index.php\/wp-json\/wp\/v2\/media\/2881"}],"wp:attachment":[{"href":"https:\/\/nublo.tv\/index.php\/wp-json\/wp\/v2\/media?parent=2880"}],"wp:term":[{"taxonomy":"category","embeddable":true,"href":"https:\/\/nublo.tv\/index.php\/wp-json\/wp\/v2\/categories?post=2880"},{"taxonomy":"post_tag","embeddable":true,"href":"https:\/\/nublo.tv\/index.php\/wp-json\/wp\/v2\/tags?post=2880"}],"curies":[{"name":"wp","href":"https:\/\/api.w.org\/{rel}","templated":true}]}}