{"id":2882,"date":"2026-08-10T19:17:29","date_gmt":"2026-08-10T18:17:29","guid":{"rendered":"https:\/\/nublo.tv\/?p=2882"},"modified":"2026-08-27T12:35:26","modified_gmt":"2026-08-27T11:35:26","slug":"el-punto-joven-de-teror-ofrece-este-jueves-13-de-agosto-una-tarde-dj-con-dara-ortega","status":"publish","type":"post","link":"https:\/\/nublo.tv\/index.php\/2026\/08\/10\/el-punto-joven-de-teror-ofrece-este-jueves-13-de-agosto-una-tarde-dj-con-dara-ortega\/","title":{"rendered":"El Punto Joven de Teror ofrece este jueves 13 de agosto una \u2018Tarde DJ\u2019 con Dara Ortega"},"content":{"rendered":"<p><strong>La acctividad gratuita ense\u00f1ar\u00e1 a mezclar y crear una sesi\u00f3n propia, de la mano de la Dj Dra Ortega. Inscripci\u00f3n <a href=\"https:\/\/eventos.teror.es\/events\/6d0d25d0fb1600512f29b6fb36abf2224781527e\"><span style=\"color: #0000ff\">AQU\u00cd<\/span><\/a>\u00a0<\/strong><\/p>\n<p>El Proyecto de Noches de Ocio Alternativas NOA ofrece este jueves 13 de agosto una &#8216;Tarde DJ&#8217; con pinchada y picoteo, donde la DJ Dara Ortega ense\u00f1ar\u00e1 <span data-olk-copy-source=\"MessageBody\">mezclar, experimentar con los platos y crear una sesi\u00f3n propia en un ambiente divertido y participativo.<\/span><\/p>\n<p>La actividad gratuita tiene lugar en el Punto Joven de Teror a partir de las 20:00 horas, e incluye c\u00f3cteles sin alcohol y picoteo. La <a href=\"https:\/\/docs.google.com\/forms\/d\/1rfQzwEMxME_DOpMjnkwG0B5pzr2q78W-ThDHpoceEvw\/edit?usp=drivesdk\"><span style=\"color: #0000ff\">inscripci\u00f3n<\/span><\/a> con plazas limitadas est\u00e1 abierta en el siguiente enlace <a href=\"https:\/\/eventos.teror.es\/events\/6d0d25d0fb1600512f29b6fb36abf2224781527e\"><span style=\"color: #0000ff\">AQU\u00cd<\/span><\/a><\/p>\n<p><a href=\"https:\/\/teror.es\/wp-content\/uploads\/2026\/08\/03_CluedoNOA.png\"><img loading=\"lazy\" decoding=\"async\" class=\"alignright size-vp_sm wp-image-98689\" src=\"https:\/\/teror.es\/wp-content\/uploads\/2026\/08\/03_CluedoNOA-500x625.png\" alt=\"\" width=\"500\" height=\"625\" \/><\/a>Por otra parte, se ofrece el pr\u00f3ximo viernes 14 de agosto el cluedo musical \u2018El \u00faltimo acorde\u2019, una experiencia \u00fanica que re\u00fane a j\u00f3venes de Ag\u00fcimes, Santa Luc\u00eda de Tirajana, Moya y Teror. El \u00daltimo Acorde es una propuesta de juego inmersiva que fusiona m\u00fasica en directo, teatro e investigaci\u00f3n. Todo comienza con un crimen: el director de una orquesta ha sido asesinado. A partir de ese momento, cada escena, cada personaje y cada interpretaci\u00f3n musical esconder\u00e1n pistas que tendr\u00e1s que descubrir para resolver el caso. La <a href=\"https:\/\/docs.google.com\/forms\/d\/1rfQzwEMxME_DOpMjnkwG0B5pzr2q78W-ThDHpoceEvw\/edit?usp=drivesdk\"><span style=\"color: #0000ff\">inscripci\u00f3n<\/span><\/a> con plazas limitadas est\u00e1 abierta en el siguiente enlace <a href=\"https:\/\/docs.google.com\/forms\/d\/1rfQzwEMxME_DOpMjnkwG0B5pzr2q78W-ThDHpoceEvw\/edit?usp=drivesdk\"><span style=\"color: #0000ff\">AQU\u00cd<\/span><\/a><\/p>\n<p>La actividad del programa de ocio nocturno saludable \u2018Proyecto NOA\u2019, subvencionado por la Consejer\u00eda de Educaci\u00f3n y Juventud del Cabildo de Gran Canaria, cuenta con la colaboraci\u00f3n del la Concejal\u00eda de Juventud del Ayuntamiento de Teror. Su objetivo es ofrecer a la juventud de la isla alternativas reales, accesibles y saludables de ocio en horario de tarde-noche. Esta iniciativa lleva varios a\u00f1os realiz\u00e1ndose en la isla y este a\u00f1o ampl\u00eda su red de municipios, incorporando a Teror.<\/p>\n<p>&nbsp;<\/p>\n","protected":false},"excerpt":{"rendered":"<p>La acctividad gratuita ense\u00f1ar\u00e1 a mezclar y crear una sesi\u00f3n propia, de la mano de la Dj Dra Ortega. Inscripci\u00f3n AQU\u00cd\u00a0 El Proyecto de Noches de Ocio Alternativas NOA ofrece&hellip;<\/p>\n","protected":false},"author":1,"featured_media":2883,"comment_status":"open","ping_status":"open","sticky":false,"template":"","format":"standard","meta":{"wpai_generated_summary":"","wpai_meta_description":"","footnotes":""},"categories":[141],"tags":[],"class_list":["post-2882","post","type-post","status-publish","format-standard","has-post-thumbnail","hentry","category-ayuntamiento-de-teror"],"_links":{"self":[{"href":"https:\/\/nublo.tv\/index.php\/wp-json\/wp\/v2\/posts\/2882","targetHints":{"allow":["GET"]}}],"collection":[{"href":"https:\/\/nublo.tv\/index.php\/wp-json\/wp\/v2\/posts"}],"about":[{"href":"https:\/\/nublo.tv\/index.php\/wp-json\/wp\/v2\/types\/post"}],"author":[{"embeddable":true,"href":"https:\/\/nublo.tv\/index.php\/wp-json\/wp\/v2\/users\/1"}],"replies":[{"embeddable":true,"href":"https:\/\/nublo.tv\/index.php\/wp-json\/wp\/v2\/comments?post=2882"}],"version-history":[{"count":1,"href":"https:\/\/nublo.tv\/index.php\/wp-json\/wp\/v2\/posts\/2882\/revisions"}],"predecessor-version":[{"id":2991,"href":"https:\/\/nublo.tv\/index.php\/wp-json\/wp\/v2\/posts\/2882\/revisions\/2991"}],"wp:featuredmedia":[{"embeddable":true,"href":"https:\/\/nublo.tv\/index.php\/wp-json\/wp\/v2\/media\/2883"}],"wp:attachment":[{"href":"https:\/\/nublo.tv\/index.php\/wp-json\/wp\/v2\/media?parent=2882"}],"wp:term":[{"taxonomy":"category","embeddable":true,"href":"https:\/\/nublo.tv\/index.php\/wp-json\/wp\/v2\/categories?post=2882"},{"taxonomy":"post_tag","embeddable":true,"href":"https:\/\/nublo.tv\/index.php\/wp-json\/wp\/v2\/tags?post=2882"}],"curies":[{"name":"wp","href":"https:\/\/api.w.org\/{rel}","templated":true}]}}