{"id":2884,"date":"2026-08-10T19:17:12","date_gmt":"2026-08-10T18:17:12","guid":{"rendered":"https:\/\/nublo.tv\/?p=2884"},"modified":"2026-08-27T12:35:26","modified_gmt":"2026-08-27T11:35:26","slug":"sara-molina-maria-casal-y-adonay-diaz-seran-este-martes-los-protagonistas-del-festival-raices-guienses-de-las-fiestas-de-la-virgen-2026","status":"publish","type":"post","link":"https:\/\/nublo.tv\/index.php\/2026\/08\/10\/sara-molina-maria-casal-y-adonay-diaz-seran-este-martes-los-protagonistas-del-festival-raices-guienses-de-las-fiestas-de-la-virgen-2026\/","title":{"rendered":"Sara Molina, Mar\u00eda Casal y Adonay D\u00edaz ser\u00e1n este martes los protagonistas del Festival Ra\u00edces Guienses de las Fiestas de La Virgen 2026"},"content":{"rendered":"<ul>\n<li><strong>Los solistas estar\u00e1n acompa\u00f1ados por La Bear Band, la orquesta de las Escuelas Art\u00edsticas Ciudad de Gu\u00eda<\/strong><\/li>\n<\/ul>\n<p><strong>Gu\u00eda, 10 de agosto de 2026.-<\/strong> El programa de las Fiestas de La Virgen reserva su noche de este martes para poner en valor y celebrar el talento local. \u00a0La Plaza Grande acoger\u00e1, a partir de las 21:00 horas, la sexta edici\u00f3n del VI Festival Ra\u00edces Guienses, un evento ya consolidado en el programa de las Fiestas de La Virgen \u00a0que re\u00fane sobre el escenario a destacadas voces e int\u00e9rpretes nacidos en el municipio o estrechamente vinculados con esta ciudad.<\/p>\n<p>Este a\u00f1o se contar\u00e1 con las actuaciones de los solistas Sara Molina, Mar\u00eda Casal y Adonay D\u00edaz. Cada uno de ellos abordar\u00e1 un repertorio especialmente adaptado y dise\u00f1ado para esta velada, en la que se fusionar\u00e1n diferentes g\u00e9neros y estilos musicales pensados para emocionar a vecinos y visitantes de todas las edades. El acompa\u00f1amiento instrumental de este concierto correr\u00e1 a cargo de La Bear Band, la\u00a0 orquestal de las Escuelas Art\u00edsticas Ciudad de Gu\u00eda.<\/p>\n<p>El Festival Ra\u00edces Guienses naci\u00f3 con el objetivo de ofrecer un escaparate de nivel a los artistas locales en el marco de las fiestas patronales y con los a\u00f1os se ha convertido en un extraordinario punto de encuentro para int\u00e9rpretes de estilos muy diferentes.<\/p>\n<p><strong>Tarde de ocio para los m\u00e1s peque\u00f1os<\/strong><\/p>\n<p>Antes del arranque del festival, la jornada festiva del martes dedicar\u00e1 sus primeras horas al p\u00fablico infantil y familiar. A partir de las 17:00 horas el entorno de la Plaza Grande se transformar\u00e1 en un parque de juegos al aire libre donde disfrutar de enormes castillos hinchables.<\/p>\n","protected":false},"excerpt":{"rendered":"<p>Los solistas estar\u00e1n acompa\u00f1ados por La Bear Band, la orquesta de las Escuelas Art\u00edsticas Ciudad de Gu\u00eda Gu\u00eda, 10 de agosto de 2026.- El programa de las Fiestas de La&hellip;<\/p>\n","protected":false},"author":1,"featured_media":2885,"comment_status":"open","ping_status":"open","sticky":false,"template":"","format":"standard","meta":{"wpai_generated_summary":"","wpai_meta_description":"","footnotes":""},"categories":[138],"tags":[],"class_list":["post-2884","post","type-post","status-publish","format-standard","has-post-thumbnail","hentry","category-ayuntamiento-de-santa-maria-de-guia"],"_links":{"self":[{"href":"https:\/\/nublo.tv\/index.php\/wp-json\/wp\/v2\/posts\/2884","targetHints":{"allow":["GET"]}}],"collection":[{"href":"https:\/\/nublo.tv\/index.php\/wp-json\/wp\/v2\/posts"}],"about":[{"href":"https:\/\/nublo.tv\/index.php\/wp-json\/wp\/v2\/types\/post"}],"author":[{"embeddable":true,"href":"https:\/\/nublo.tv\/index.php\/wp-json\/wp\/v2\/users\/1"}],"replies":[{"embeddable":true,"href":"https:\/\/nublo.tv\/index.php\/wp-json\/wp\/v2\/comments?post=2884"}],"version-history":[{"count":1,"href":"https:\/\/nublo.tv\/index.php\/wp-json\/wp\/v2\/posts\/2884\/revisions"}],"predecessor-version":[{"id":2987,"href":"https:\/\/nublo.tv\/index.php\/wp-json\/wp\/v2\/posts\/2884\/revisions\/2987"}],"wp:featuredmedia":[{"embeddable":true,"href":"https:\/\/nublo.tv\/index.php\/wp-json\/wp\/v2\/media\/2885"}],"wp:attachment":[{"href":"https:\/\/nublo.tv\/index.php\/wp-json\/wp\/v2\/media?parent=2884"}],"wp:term":[{"taxonomy":"category","embeddable":true,"href":"https:\/\/nublo.tv\/index.php\/wp-json\/wp\/v2\/categories?post=2884"},{"taxonomy":"post_tag","embeddable":true,"href":"https:\/\/nublo.tv\/index.php\/wp-json\/wp\/v2\/tags?post=2884"}],"curies":[{"name":"wp","href":"https:\/\/api.w.org\/{rel}","templated":true}]}}