{"id":2886,"date":"2026-08-10T19:16:07","date_gmt":"2026-08-10T18:16:07","guid":{"rendered":"https:\/\/nublo.tv\/?p=2886"},"modified":"2026-08-27T12:35:26","modified_gmt":"2026-08-27T11:35:26","slug":"presentacion-del-libro-jeronimo-saavedra-el-ultimo-procer","status":"publish","type":"post","link":"https:\/\/nublo.tv\/index.php\/2026\/08\/10\/presentacion-del-libro-jeronimo-saavedra-el-ultimo-procer\/","title":{"rendered":"Presentaci\u00f3n del libro \u2018Jer\u00f3nimo Saavedra. El \u00faltimo pr\u00f3cer\u2019"},"content":{"rendered":"<p>Dentro de la programaci\u00f3n de las fiestas en honor a Nuestra Se\u00f1ora de Las Nieves, se ha celebrado la presentaci\u00f3n del libro \u2018Jer\u00f3nimo Saavedra. El \u00faltimo pr\u00f3cer\u2019, en un encuentro con lleno en el Centro Cultural de la Villa.<\/p>\n<p>El libro, obra de Marta Saavedra, aborda la amplia biograf\u00eda del ex presidente canario, desde la emoci\u00f3n, la palabra y la escucha, y a partir de cuarenta entrevistas.<\/p>\n","protected":false},"excerpt":{"rendered":"<p>Dentro de la programaci\u00f3n de las fiestas en honor a Nuestra Se\u00f1ora de Las Nieves, se ha celebrado la presentaci\u00f3n del libro \u2018Jer\u00f3nimo Saavedra. El \u00faltimo pr\u00f3cer\u2019, en un encuentro con lleno en el Centro Cultural de la Villa. El libro, obra de Marta Saavedra, aborda la amplia biograf\u00eda del ex presidente canario, desde la [&hellip;]<\/p>\n","protected":false},"author":1,"featured_media":0,"comment_status":"open","ping_status":"open","sticky":false,"template":"","format":"standard","meta":{"wpai_generated_summary":"","wpai_meta_description":"","footnotes":""},"categories":[124],"tags":[],"class_list":["post-2886","post","type-post","status-publish","format-standard","hentry","category-ayuntamiento-de-agaete"],"_links":{"self":[{"href":"https:\/\/nublo.tv\/index.php\/wp-json\/wp\/v2\/posts\/2886","targetHints":{"allow":["GET"]}}],"collection":[{"href":"https:\/\/nublo.tv\/index.php\/wp-json\/wp\/v2\/posts"}],"about":[{"href":"https:\/\/nublo.tv\/index.php\/wp-json\/wp\/v2\/types\/post"}],"author":[{"embeddable":true,"href":"https:\/\/nublo.tv\/index.php\/wp-json\/wp\/v2\/users\/1"}],"replies":[{"embeddable":true,"href":"https:\/\/nublo.tv\/index.php\/wp-json\/wp\/v2\/comments?post=2886"}],"version-history":[{"count":1,"href":"https:\/\/nublo.tv\/index.php\/wp-json\/wp\/v2\/posts\/2886\/revisions"}],"predecessor-version":[{"id":2968,"href":"https:\/\/nublo.tv\/index.php\/wp-json\/wp\/v2\/posts\/2886\/revisions\/2968"}],"wp:attachment":[{"href":"https:\/\/nublo.tv\/index.php\/wp-json\/wp\/v2\/media?parent=2886"}],"wp:term":[{"taxonomy":"category","embeddable":true,"href":"https:\/\/nublo.tv\/index.php\/wp-json\/wp\/v2\/categories?post=2886"},{"taxonomy":"post_tag","embeddable":true,"href":"https:\/\/nublo.tv\/index.php\/wp-json\/wp\/v2\/tags?post=2886"}],"curies":[{"name":"wp","href":"https:\/\/api.w.org\/{rel}","templated":true}]}}