{"id":2891,"date":"2026-08-10T19:15:54","date_gmt":"2026-08-10T18:15:54","guid":{"rendered":"https:\/\/nublo.tv\/?p=2891"},"modified":"2026-08-27T12:35:27","modified_gmt":"2026-08-27T11:35:27","slug":"el-cabildo-recomienda-observar-el-eclipse-desde-la-costa-y-evitar-desplazamientos-a-zonas-forestales","status":"publish","type":"post","link":"https:\/\/nublo.tv\/index.php\/2026\/08\/10\/el-cabildo-recomienda-observar-el-eclipse-desde-la-costa-y-evitar-desplazamientos-a-zonas-forestales\/","title":{"rendered":"El Cabildo recomienda observar el eclipse desde la costa y evitar desplazamientos a zonas forestales"},"content":{"rendered":"<p>El Cabildo recomienda observar el eclipse desde la costa y evitar desplazamientos a zonas forestales<\/p>\n<p>La Instituci\u00f3n insular invita a disfrutar de un eclipse kil\u00f3metro cero y apela a la responsabilidad ciudadana para observar el fen\u00f3meno astron\u00f3mico con seguridad y minimizar el riesgo de incendios forestales<\/p>\n<p>Se aconseja evitar las zonas de Tamadaba y el eje entre Cruz de Tejeda, Pico de las Nieves y la Caldera de Los Marteles<\/p>\n<p>Gran Canaria, 10 de agosto de 2026.- El Cabildo de Gran Canaria aconseja disfrutar del eclipse solar del pr\u00f3ximo mi\u00e9rcoles 12 de agosto desde lugares pr\u00f3ximos y seguros, preferentemente desde la costa y en puntos con una visi\u00f3n despejada hacia el oeste, evitando desplazamientos innecesarios a la Cumbre y a espacios naturales y forestales especialmente sensibles ante las altas temperaturas y el riesgo de incendios.<\/p>\n<p>Seg\u00fan explica el director t\u00e9cnico de Emergencias y responsable de incendios del Cabildo de Gran Canaria, Federico Grillo, el fen\u00f3meno astron\u00f3mico podr\u00e1 observarse desde numerosos puntos de la isla, siempre que se disponga de una visi\u00f3n despejada hacia el oeste. \u201cNo es necesario desplazarse a cotas altas para tener unas condiciones adecuadas de observaci\u00f3n. Desde el punto de vista de la prevenci\u00f3n, la opci\u00f3n m\u00e1s segura es elegir espacios pr\u00f3ximos, accesibles y alejados de las zonas forestales, especialmente en un periodo del a\u00f1o en el que debemos extremar las precauciones en el medio natural\u201d, ha se\u00f1alado Grillo.<\/p>\n<p>En este contexto, y ante la afluencia de personas que podr\u00eda producirse para observar el fen\u00f3meno, la Direcci\u00f3n General de Emergencias del Gobierno de Canarias ha activado el Plan Territorial de Emergencia de Protecci\u00f3n Civil de la Comunidad Aut\u00f3noma de Canarias (PLATECA). La medida tiene como objetivo garantizar la seguridad de las personas y minimizar el riesgo de incendios forestales asociado a una eventual concentraci\u00f3n de poblaci\u00f3n en zonas forestales y de interfaz, sobre todo si concurren condiciones meteorol\u00f3gicas adversas.<\/p>\n<p>La activaci\u00f3n del PLATECA permitir\u00e1, adem\u00e1s, reforzar la coordinaci\u00f3n y las comunicaciones entre las distintas instituciones y los servicios implicados en el dispositivo, entre ellos los de seguridad, emergencias, sanidad, carreteras, transportes y medio ambiente.<\/p>\n<p>Prevenci\u00f3n en los espacios naturales<\/p>\n<p>El Cabildo considera fundamental compatibilizar el disfrute de este acontecimiento astron\u00f3mico excepcional con la seguridad de las personas y la protecci\u00f3n del territorio. Por eso hace un llamamiento expreso a evitar desplazamientos hacia espacios naturales sensibles y zonas forestales en las que existe un elevado riesgo de incendio durante esta \u00e9poca del a\u00f1o.<\/p>\n<p>En particular, se recomienda evitar el Macizo de Tamadaba, el entorno del Monte Cuevas del Caballero-Moriscos y la Cumbre Central, con especial atenci\u00f3n al eje comprendido entre Cruz de Tejeda, Pico de las Nieves y la Caldera de Los Marteles.<\/p>\n<p>Para quienes se encuentren en las median\u00edas y quieran disfrutar del fen\u00f3meno, se recomienda priorizar los n\u00facleos urbanos frente a las zonas forestales. En el casco urbano de Tejeda, el Museo Elder instalar\u00e1 adem\u00e1s un punto de observaci\u00f3n para seguir el eclipse de forma segura.<\/p>\n<p>Un eclipse kil\u00f3metro cero<\/p>\n<p>El Cabildo se\u00f1ala que buena parte del litoral de Gran Canaria re\u00fane condiciones adecuadas para seguir el eclipse, por lo que anima a optar por lugares cercanos y accesibles para convertir el eclipse del 12 de agosto en un evento kil\u00f3metro cero, disfrut\u00e1ndolo desde el entorno m\u00e1s pr\u00f3ximo posible, reduciendo desplazamientos y emisiones innecesarias y evitando generar concentraciones de personas y veh\u00edculos en espacios naturales.<\/p>\n<p>La Instituci\u00f3n insular recuerda que buena parte de los incendios forestales tienen su origen en la actividad humana y que una elevada presencia de personas en zonas forestales durante episodios de altas temperaturas incrementa el riesgo de que se produzca una ignici\u00f3n.<\/p>\n<p>Adem\u00e1s, una eventual emergencia en un espacio natural con una gran concentraci\u00f3n de visitantes puede dificultar considerablemente las labores de extinci\u00f3n, ya que los dispositivos deben priorizar en todo momento la protecci\u00f3n y evacuaci\u00f3n de las personas que puedan encontrarse en la zona.<\/p>\n<p>Por todo ello, el Cabildo anima a la ciudadan\u00eda a disfrutar de este acontecimiento astron\u00f3mico compatibilizando la experiencia con la protecci\u00f3n de sus espacios naturales y la seguridad colectiva.<\/p>\n<p>&nbsp;<\/p>\n","protected":false},"excerpt":{"rendered":"<p>El Cabildo recomienda observar el eclipse desde la costa y evitar desplazamientos a zonas forestales La Instituci\u00f3n insular invita a disfrutar de un eclipse kil\u00f3metro cero y apela a la&hellip;<\/p>\n","protected":false},"author":1,"featured_media":2966,"comment_status":"open","ping_status":"open","sticky":false,"template":"","format":"standard","meta":{"wpai_generated_summary":"","wpai_meta_description":"","footnotes":""},"categories":[148],"tags":[],"class_list":["post-2891","post","type-post","status-publish","format-standard","has-post-thumbnail","hentry","category-cabildo-de-gran-canaria"],"_links":{"self":[{"href":"https:\/\/nublo.tv\/index.php\/wp-json\/wp\/v2\/posts\/2891","targetHints":{"allow":["GET"]}}],"collection":[{"href":"https:\/\/nublo.tv\/index.php\/wp-json\/wp\/v2\/posts"}],"about":[{"href":"https:\/\/nublo.tv\/index.php\/wp-json\/wp\/v2\/types\/post"}],"author":[{"embeddable":true,"href":"https:\/\/nublo.tv\/index.php\/wp-json\/wp\/v2\/users\/1"}],"replies":[{"embeddable":true,"href":"https:\/\/nublo.tv\/index.php\/wp-json\/wp\/v2\/comments?post=2891"}],"version-history":[{"count":1,"href":"https:\/\/nublo.tv\/index.php\/wp-json\/wp\/v2\/posts\/2891\/revisions"}],"predecessor-version":[{"id":2965,"href":"https:\/\/nublo.tv\/index.php\/wp-json\/wp\/v2\/posts\/2891\/revisions\/2965"}],"wp:featuredmedia":[{"embeddable":true,"href":"https:\/\/nublo.tv\/index.php\/wp-json\/wp\/v2\/media\/2966"}],"wp:attachment":[{"href":"https:\/\/nublo.tv\/index.php\/wp-json\/wp\/v2\/media?parent=2891"}],"wp:term":[{"taxonomy":"category","embeddable":true,"href":"https:\/\/nublo.tv\/index.php\/wp-json\/wp\/v2\/categories?post=2891"},{"taxonomy":"post_tag","embeddable":true,"href":"https:\/\/nublo.tv\/index.php\/wp-json\/wp\/v2\/tags?post=2891"}],"curies":[{"name":"wp","href":"https:\/\/api.w.org\/{rel}","templated":true}]}}