{"id":2893,"date":"2026-08-10T19:15:50","date_gmt":"2026-08-10T18:15:50","guid":{"rendered":"https:\/\/nublo.tv\/?p=2893"},"modified":"2026-08-27T12:35:27","modified_gmt":"2026-08-27T11:35:27","slug":"el-cabildo-reorganiza-temporalmente-la-gestion-de-residuos-tras-el-incendio-registrado-en-el-ecoparque-sur","status":"publish","type":"post","link":"https:\/\/nublo.tv\/index.php\/2026\/08\/10\/el-cabildo-reorganiza-temporalmente-la-gestion-de-residuos-tras-el-incendio-registrado-en-el-ecoparque-sur\/","title":{"rendered":"El Cabildo reorganiza temporalmente la gestio\u0301n de residuos tras el incendio registrado en el Ecoparque Sur"},"content":{"rendered":"<p>El Cabildo reorganiza temporalmente la gesti\u00f3n de residuos tras el incendio registrado en el Ecoparque Sur<\/p>\n<p>La instituci\u00f3n insular garantiza la continuidad del servicio mientras avanzan los trabajos de recuperaci\u00f3n de la instalaci\u00f3n<\/p>\n<p>Gran Canaria, 10 de agosto de 2026.  El Cabildo de Gran Canaria ha reorganizado temporalmente el sistema insular de gesti\u00f3n de residuos tras el incendio registrado el pasado viernes en el Ecoparque GC Sur.<\/p>\n<p>El fuego se inici\u00f3 en la zona de trituraci\u00f3n de restos de poda y se propag\u00f3 a otras \u00e1reas de la instalaci\u00f3n afectando tambi\u00e9n a los fosos de la planta de clasificaci\u00f3n de la fracci\u00f3n resto de los residuos municipales. La r\u00e1pida intervenci\u00f3n de los equipos de emergencia y la activaci\u00f3n de los sistemas de protecci\u00f3n contra incendios de la propia instalaci\u00f3n permiti\u00f3 confinar el incendio aproximadamente a las 17:30 horas del mismo d\u00eda, pero se mantienen las labores de refresco, control y vigilancia, ya que parte del material afectado contin\u00faa a elevada temperatura.<\/p>\n<p>De forma paralela, se ha iniciado el vaciado progresivo de los fosos afectados. Esta es una operaci\u00f3n que debe realizarse con especial cautela para evitar que la entrada de ox\u00edgeno pueda provocar la reactivaci\u00f3n de focos que todav\u00eda permanecen calientes.<\/p>\n<p>El sistema insular de gesti\u00f3n de residuos contin\u00faa funcionando<\/p>\n<p>Mientras se recupera la operatividad del Ecoparque GC Sur, el Cabildo ha establecido una reorganizaci\u00f3n extraordinaria y temporal de los flujos de residuos hacia el Ecoparque GC Norte y las plantas de transferencia de la isla para garantizar la continuidad del servicio p\u00fablico de gesti\u00f3n de residuos. La nueva operativa puede provocar mayores tiempos de espera, retrasos en la gesti\u00f3n y posibles incidencias puntuales en los servicios municipales de recogida.<\/p>\n<p>Ante esta situaci\u00f3n excepcional, el Cabildo solicita la colaboraci\u00f3n y comprensi\u00f3n de la ciudadan\u00eda y recomienda evitar depositar residuos junto a los contenedores cuando estos se encuentren llenos, esperando, siempre que sea posible, a que se haya efectuado su vaciado.<\/p>\n<p>Asimismo, se aconseja reducir o aplazar temporalmente la entrega de residuos voluminosos y restos de poda, al tratarse de fracciones que requieren una mayor capacidad de espacio y tratamiento. Tambi\u00e9n se recuerda la importancia de mantener una correcta separaci\u00f3n de los residuos para facilitar las labores de gesti\u00f3n.<\/p>\n<p>Es importante, adem\u00e1s, atender a las indicaciones que puedan trasladar los ayuntamientos ante posibles adaptaciones temporales de los servicios municipales de recogida.<\/p>\n<p>El Cabildo trabaja para recuperar la capacidad operativa del Ecoparque GC Sur en el menor tiempo posible, con la seguridad de las personas y las instalaciones como prioridad.<\/p>\n<p>La instituci\u00f3n agradece la colaboraci\u00f3n de los ayuntamientos, operadores y ciudadan\u00eda mientras se prolongue esta situaci\u00f3n extraordinaria.<\/p>\n","protected":false},"excerpt":{"rendered":"<p>El Cabildo reorganiza temporalmente la gesti\u00f3n de residuos tras el incendio registrado en el Ecoparque Sur La instituci\u00f3n insular garantiza la continuidad del servicio mientras avanzan los trabajos de recuperaci\u00f3n&hellip;<\/p>\n","protected":false},"author":1,"featured_media":2894,"comment_status":"open","ping_status":"open","sticky":false,"template":"","format":"standard","meta":{"wpai_generated_summary":"","wpai_meta_description":"","footnotes":""},"categories":[148],"tags":[],"class_list":["post-2893","post","type-post","status-publish","format-standard","has-post-thumbnail","hentry","category-cabildo-de-gran-canaria"],"_links":{"self":[{"href":"https:\/\/nublo.tv\/index.php\/wp-json\/wp\/v2\/posts\/2893","targetHints":{"allow":["GET"]}}],"collection":[{"href":"https:\/\/nublo.tv\/index.php\/wp-json\/wp\/v2\/posts"}],"about":[{"href":"https:\/\/nublo.tv\/index.php\/wp-json\/wp\/v2\/types\/post"}],"author":[{"embeddable":true,"href":"https:\/\/nublo.tv\/index.php\/wp-json\/wp\/v2\/users\/1"}],"replies":[{"embeddable":true,"href":"https:\/\/nublo.tv\/index.php\/wp-json\/wp\/v2\/comments?post=2893"}],"version-history":[{"count":1,"href":"https:\/\/nublo.tv\/index.php\/wp-json\/wp\/v2\/posts\/2893\/revisions"}],"predecessor-version":[{"id":2964,"href":"https:\/\/nublo.tv\/index.php\/wp-json\/wp\/v2\/posts\/2893\/revisions\/2964"}],"wp:featuredmedia":[{"embeddable":true,"href":"https:\/\/nublo.tv\/index.php\/wp-json\/wp\/v2\/media\/2894"}],"wp:attachment":[{"href":"https:\/\/nublo.tv\/index.php\/wp-json\/wp\/v2\/media?parent=2893"}],"wp:term":[{"taxonomy":"category","embeddable":true,"href":"https:\/\/nublo.tv\/index.php\/wp-json\/wp\/v2\/categories?post=2893"},{"taxonomy":"post_tag","embeddable":true,"href":"https:\/\/nublo.tv\/index.php\/wp-json\/wp\/v2\/tags?post=2893"}],"curies":[{"name":"wp","href":"https:\/\/api.w.org\/{rel}","templated":true}]}}