{"id":2897,"date":"2026-08-10T19:16:39","date_gmt":"2026-08-10T18:16:39","guid":{"rendered":"https:\/\/nublo.tv\/?p=2897"},"modified":"2026-08-29T08:57:49","modified_gmt":"2026-08-29T07:57:49","slug":"la-aldea-de-san-nicolas-impulsa-la-reparacion-de-la-pista-de-acceso-hasta-la-playa-de-tasartico","status":"publish","type":"post","link":"https:\/\/nublo.tv\/index.php\/2026\/08\/10\/la-aldea-de-san-nicolas-impulsa-la-reparacion-de-la-pista-de-acceso-hasta-la-playa-de-tasartico\/","title":{"rendered":"La Aldea de San Nicol\u00e1s impulsa la reparaci\u00f3n de la pista de acceso hasta la Playa de Tasartico"},"content":{"rendered":"<p>El Ayuntamiento prev\u00e9 un plazo de ejecuci\u00f3n de un mes para restituir la seguridad y funcionalidad de esta v\u00eda rural tras los da\u00f1os ocasionados por la tormenta Therese<\/p>\n<p>El Ayuntamiento de La Aldea de San Nicol\u00e1s avanza en la mejora de sus infraestructuras viarias en las \u00e1reas rurales con la aprobaci\u00f3n del proyecto para la reparaci\u00f3n de la pista de acceso hasta la Playa de Tasartico, una actuaci\u00f3n de urgencia presupuestada entorno a los 40.000 euros. La medida busca reparar los graves deterioros en el pavimento causados por las intensas lluvias asociadas a la tormenta Therese.<\/p>\n<p>El alcalde y concejal de V\u00edas P\u00fablicas, Pedro Su\u00e1rez, quiso destacar que la ejecuci\u00f3n del proyecto, est\u00e1 supervisado por la oficina t\u00e9cnica municipal, y est\u00e1 adaptado a los condicionantes que impone el planeamiento para el suelo r\u00fastico de protecci\u00f3n natural que recorre esta carretera. Contempla actuar a lo largo de 3.611 metros sobre la pista existente, desde la zona de Las Rosas hasta la Playa de Tasartico. Las obras previstas incluyen el desbroce y la limpieza de los laterales con medios mec\u00e1nicos, as\u00ed como el refino, planeo y aporte de pic\u00f3n de compactar para garantizar la resistencia y estabilidad del firme.<\/p>\n<p>Esta v\u00eda constituye una infraestructura clave para el barrio de Tasartico, dado que no existe una alternativa viaria para los residentes ni para las explotaciones agr\u00edcolas y ganaderas asentadas en el entorno. Durante la tormenta y con posterioridad, se realizaron varias actuaciones de rasanteo de emergencia para habilitar el paso, pero ser\u00e1 con la intervenci\u00f3n actual, la que permitir\u00e1 restituir de forma integral la seguridad y la funcionalidad de la pista.<\/p>\n<p>\u201cEl municipio de La Aldea de San Nicol\u00e1s se caracteriza por la dispersi\u00f3n de sus n\u00facleos y la relevancia de sus tres grandes valles. Garantizar unos accesos seguros y en condiciones adecuadas es prioritario, no solo para el uso residencial de los vecinos y vecinas, sino tambi\u00e9n para el sector primario de Tasartico\u201d, ha destacado el alcalde, Pedro Su\u00e1rez, a\u00f1adiendo que \u201ccon esta obra reducimos riesgos, mejoramos la seguridad en situaciones de emergencia y facilitamos el transporte de productos agr\u00edcolas y ganaderos, disminuyendo sus costes y tiempos de traslado\u201d.<\/p>\n<p>Con este proyecto, el Ayuntamiento de La Aldea de San Nicol\u00e1s reafirma su compromiso con el mantenimiento de las v\u00edas rurales, la sostenibilidad de la actividad agropecuaria, la seguridad y calidad de vida de la poblaci\u00f3n en todos los barrios y zonas agrarias del municipio.<\/p>\n<p>es\u00bb>La Aldea<\/a>.<\/p>\n","protected":false},"excerpt":{"rendered":"<p>El Ayuntamiento prev\u00e9 un plazo de ejecuci\u00f3n de un mes para restituir la seguridad y funcionalidad de esta v\u00eda rural tras los da\u00f1os ocasionados por la tormenta Therese El Ayuntamiento&hellip;<\/p>\n","protected":false},"author":1,"featured_media":2898,"comment_status":"open","ping_status":"open","sticky":false,"template":"","format":"standard","meta":{"wpai_generated_summary":"","wpai_meta_description":"","footnotes":""},"categories":[131],"tags":[],"class_list":["post-2897","post","type-post","status-publish","format-standard","has-post-thumbnail","hentry","category-ayuntamiento-de-la-aldea-de-san-nicolas"],"_links":{"self":[{"href":"https:\/\/nublo.tv\/index.php\/wp-json\/wp\/v2\/posts\/2897","targetHints":{"allow":["GET"]}}],"collection":[{"href":"https:\/\/nublo.tv\/index.php\/wp-json\/wp\/v2\/posts"}],"about":[{"href":"https:\/\/nublo.tv\/index.php\/wp-json\/wp\/v2\/types\/post"}],"author":[{"embeddable":true,"href":"https:\/\/nublo.tv\/index.php\/wp-json\/wp\/v2\/users\/1"}],"replies":[{"embeddable":true,"href":"https:\/\/nublo.tv\/index.php\/wp-json\/wp\/v2\/comments?post=2897"}],"version-history":[{"count":2,"href":"https:\/\/nublo.tv\/index.php\/wp-json\/wp\/v2\/posts\/2897\/revisions"}],"predecessor-version":[{"id":18111,"href":"https:\/\/nublo.tv\/index.php\/wp-json\/wp\/v2\/posts\/2897\/revisions\/18111"}],"wp:featuredmedia":[{"embeddable":true,"href":"https:\/\/nublo.tv\/index.php\/wp-json\/wp\/v2\/media\/2898"}],"wp:attachment":[{"href":"https:\/\/nublo.tv\/index.php\/wp-json\/wp\/v2\/media?parent=2897"}],"wp:term":[{"taxonomy":"category","embeddable":true,"href":"https:\/\/nublo.tv\/index.php\/wp-json\/wp\/v2\/categories?post=2897"},{"taxonomy":"post_tag","embeddable":true,"href":"https:\/\/nublo.tv\/index.php\/wp-json\/wp\/v2\/tags?post=2897"}],"curies":[{"name":"wp","href":"https:\/\/api.w.org\/{rel}","templated":true}]}}