{"id":2901,"date":"2026-08-10T19:17:09","date_gmt":"2026-08-10T18:17:09","guid":{"rendered":"https:\/\/nublo.tv\/?p=2901"},"modified":"2026-08-27T12:35:27","modified_gmt":"2026-08-27T11:35:27","slug":"el-ayuntamiento-de-guia-preve-en-este-2026-la-adjudicacion-de-mas-de-1-millon-de-euros-en-la-ampliacion-y-mejora-de-la-red-de-saneamiento-del-municipio","status":"publish","type":"post","link":"https:\/\/nublo.tv\/index.php\/2026\/08\/10\/el-ayuntamiento-de-guia-preve-en-este-2026-la-adjudicacion-de-mas-de-1-millon-de-euros-en-la-ampliacion-y-mejora-de-la-red-de-saneamiento-del-municipio\/","title":{"rendered":"El Ayuntamiento de Gu\u00eda prev\u00e9 en este 2026 la adjudicaci\u00f3n de m\u00e1s de 1 mill\u00f3n de euros en la ampliaci\u00f3n y mejora de la red de saneamiento del municipio"},"content":{"rendered":"<p>\u25cf <strong>En los pr\u00f3ximos d\u00edas comenzar\u00e1n las obras de la ejecuci\u00f3n de la nueva red de saneamiento del diseminado de Lomo de La Palma, en las median\u00edas, dotadas con una inversi\u00f3n de 363.000 euros<\/strong><\/p>\n<p>El Ayuntamiento de Gu\u00eda iniciar\u00e1 en los pr\u00f3ximos d\u00edas las obras de ejecuci\u00f3n de la nueva red de saneamiento del diseminado de Lomo de La Palma, una actuaci\u00f3n financiada a trav\u00e9s del Plan de Cooperaci\u00f3n con los Ayuntamientos (PCA) del Cabildo de Gran Canaria y dotada con una inversi\u00f3n de 363.000 euros. El Consistorio prev\u00e9 que al finalizar este a\u00f1o 2026 se hayan adjudicado m\u00e1s de un mill\u00f3n de euros en inversiones destinadas exclusivamente a la ampliaci\u00f3n y mejora de la red de saneamiento del municipio, una apuesta decidida por resolver carencias hist\u00f3ricas existentes en distintos barrios y diseminados.<\/p>\n<p>El proyecto de Lomo de La Palma permitir\u00e1 dotar a esta zona de las median\u00edas del municipio de una infraestructura b\u00e1sica de la que carec\u00eda hasta ahora, mejorando las condiciones sanitarias y medioambientales, reforzando la protecci\u00f3n del entorno y elevando la calidad de vida de los vecinos y vecinas.<\/p>\n<p>Con motivo del inminente comienzo de los trabajos, el primer teniente de alcalde y concejal de Urbanismo, Aguas y Saneamiento, Jos\u00e9 Manuel Santana, acompa\u00f1ado por el t\u00e9cnico municipal y el t\u00e9cnico de la empresa adjudicataria, realiz\u00f3 el replanteo de la obra, un tr\u00e1mite previo imprescindible que marca el inicio de su ejecuci\u00f3n. Seg\u00fan explic\u00f3 el responsable municipal, desde la Oficina T\u00e9cnica Municipal se ha trabajado intensamente para impulsar este proyecto y hacer posible que hoy pueda convertirse en una realidad. \u00abSe trata de una actuaci\u00f3n compleja por la orograf\u00eda del terreno, que ha requerido un importante trabajo t\u00e9cnico y de planificaci\u00f3n, pero absolutamente necesaria para seguir mejorando la calidad de vida de nuestros vecinos y vecinas\u00bb, indic\u00f3.<\/p>\n<p>Jos\u00e9 Manuel Santana destac\u00f3 que esta intervenci\u00f3n supone un nuevo paso en el compromiso del grupo de gobierno por extender los servicios b\u00e1sicos a todos los rincones del municipio. \u00abNuestro objetivo es seguir llevando infraestructuras esenciales a los ciudadanos, con independencia del lugar en el que vivan. Las median\u00edas y los diseminados tambi\u00e9n merecen contar con unos servicios p\u00fablicos de calidad y estamos trabajando para responder a una demanda hist\u00f3rica de sus vecinos\u00bb, subray\u00f3.<\/p>\n<p>Santana record\u00f3 que este proyecto forma parte de una planificaci\u00f3n m\u00e1s amplia impulsada desde la Oficina T\u00e9cnica Municipal para continuar ampliando y modernizando la red de saneamiento de Santa Mar\u00eda de Gu\u00eda.<br \/>\nEn este sentido, explic\u00f3 que esta actuaci\u00f3n se suma a otros proyectos estrat\u00e9gicos que ya se encuentran en distintas fases de tramitaci\u00f3n, como la red de saneamiento de Barranquillo Fr\u00edo, actualmente en fase de licitaci\u00f3n, y el proyecto de La Pe\u00f1illa, que se encuentra en fase de redacci\u00f3n.<\/p>\n<p>El primer teniente de alcalde subray\u00f3, adem\u00e1s, que este importante esfuerzo inversor es fruto del trabajo de planificaci\u00f3n desarrollado por la Oficina T\u00e9cnica Municipal y de la colaboraci\u00f3n entre administraciones, especialmente con el Cabildo de Gran Canaria, cuya financiaci\u00f3n a trav\u00e9s del Plan de Cooperaci\u00f3n con los Ayuntamientos est\u00e1 permitiendo ejecutar actuaciones fundamentales para el desarrollo del municipio. \u00abNo vamos a parar hasta conseguir completar esta infraestructura b\u00e1sica en todos los barrios y diseminados de Gu\u00eda vayan disponiendo de esta infraestructura b\u00e1sica. Seguiremos trabajando con planificaci\u00f3n, constancia y responsabilidad para que ning\u00fan vecino se quede atr\u00e1s y el saneamiento llegue all\u00ed donde durante a\u00f1os ha sido una reivindicaci\u00f3n pendiente\u00bb.<\/p>\n","protected":false},"excerpt":{"rendered":"<p>\u25cf En los pr\u00f3ximos d\u00edas comenzar\u00e1n las obras de la ejecuci\u00f3n de la nueva red de saneamiento del diseminado de Lomo de La Palma, en las median\u00edas, dotadas con una&hellip;<\/p>\n","protected":false},"author":1,"featured_media":2902,"comment_status":"open","ping_status":"open","sticky":false,"template":"","format":"standard","meta":{"wpai_generated_summary":"","wpai_meta_description":"","footnotes":""},"categories":[138],"tags":[],"class_list":["post-2901","post","type-post","status-publish","format-standard","has-post-thumbnail","hentry","category-ayuntamiento-de-santa-maria-de-guia"],"_links":{"self":[{"href":"https:\/\/nublo.tv\/index.php\/wp-json\/wp\/v2\/posts\/2901","targetHints":{"allow":["GET"]}}],"collection":[{"href":"https:\/\/nublo.tv\/index.php\/wp-json\/wp\/v2\/posts"}],"about":[{"href":"https:\/\/nublo.tv\/index.php\/wp-json\/wp\/v2\/types\/post"}],"author":[{"embeddable":true,"href":"https:\/\/nublo.tv\/index.php\/wp-json\/wp\/v2\/users\/1"}],"replies":[{"embeddable":true,"href":"https:\/\/nublo.tv\/index.php\/wp-json\/wp\/v2\/comments?post=2901"}],"version-history":[{"count":1,"href":"https:\/\/nublo.tv\/index.php\/wp-json\/wp\/v2\/posts\/2901\/revisions"}],"predecessor-version":[{"id":2986,"href":"https:\/\/nublo.tv\/index.php\/wp-json\/wp\/v2\/posts\/2901\/revisions\/2986"}],"wp:featuredmedia":[{"embeddable":true,"href":"https:\/\/nublo.tv\/index.php\/wp-json\/wp\/v2\/media\/2902"}],"wp:attachment":[{"href":"https:\/\/nublo.tv\/index.php\/wp-json\/wp\/v2\/media?parent=2901"}],"wp:term":[{"taxonomy":"category","embeddable":true,"href":"https:\/\/nublo.tv\/index.php\/wp-json\/wp\/v2\/categories?post=2901"},{"taxonomy":"post_tag","embeddable":true,"href":"https:\/\/nublo.tv\/index.php\/wp-json\/wp\/v2\/tags?post=2901"}],"curies":[{"name":"wp","href":"https:\/\/api.w.org\/{rel}","templated":true}]}}