{"id":2905,"date":"2026-08-10T19:16:30","date_gmt":"2026-08-10T18:16:30","guid":{"rendered":"https:\/\/nublo.tv\/?p=2905"},"modified":"2026-08-27T12:35:27","modified_gmt":"2026-08-27T11:35:27","slug":"gigantes-se-presenta-con-exito-en-las-fiestas-de-agosto-de-el-carrizal","status":"publish","type":"post","link":"https:\/\/nublo.tv\/index.php\/2026\/08\/10\/gigantes-se-presenta-con-exito-en-las-fiestas-de-agosto-de-el-carrizal\/","title":{"rendered":"\u2018Gigantes\u2019 se presenta con \u00e9xito en las fiestas de agosto de El Carrizal"},"content":{"rendered":"<p>60 integrantes de la Banda Sinf\u00f3nica de la Sociedad Musical Villa de Ingenio, bajo la batuta de Jos\u00e9 Buceta, interpretaron el pasado s\u00e1bado grandes himnos del rock en espa\u00f1ol<br \/>\nEl Parque del Buen Suceso de El Carrizal se llen\u00f3 por completo el pasado s\u00e1bado, 8 de agosto, para disfrutar de \u2018Gigantes\u2019, el nuevo espect\u00e1culo de la Banda Sinf\u00f3nica de la Sociedad Musical Villa de Ingenio (SMVI), concebido como un homenaje a las grandes bandas y artistas del rock en espa\u00f1ol que han puesto banda sonora a varias generaciones. La propuesta musical se enmarc\u00f3 en el programa de las fiestas en honor a Nuestra Se\u00f1ora del Buen Suceso, San Roque y San Harag\u00e1n y convirti\u00f3 este emblem\u00e1tico espacio de El Carrizal en un gran escenario donde la m\u00fasica sinf\u00f3nica se fusion\u00f3 con algunos de los grandes \u00e9xitos del rock nacional.<\/p>\n<p>Con 60 integrantes sobre el escenario, la Banda Sinf\u00f3nica de la Sociedad Musical Villa de Ingenio ofreci\u00f3 un recorrido por diferentes \u00e9pocas y estilos del rock en espa\u00f1ol, acercando al p\u00fablico temas ampliamente reconocibles. La presentaci\u00f3n del espect\u00e1culo corri\u00f3 a cargo de Obdulia Artiles, mientras que la direcci\u00f3n musical estuvo en manos de Jos\u00e9 Buceta. La guitarra el\u00e9ctrica fue interpretada por Pedro Medina, aportando al repertorio el sonido caracter\u00edstico de las grandes canciones de rock que formaron parte de la velada.<\/p>\n<p>El espect\u00e1culo arranc\u00f3 con fuerza con \u2018Bienvenidos\u2019, de Miguel R\u00edos, una elecci\u00f3n especialmente significativa para dar la bienvenida al numeroso p\u00fablico, aproximadamente 900 espectadores que llenaron el Parque del Buen Suceso, y abrir una noche marcada por la energ\u00eda y la nostalgia. A partir de ah\u00ed, la banda fue recorriendo algunos de los grandes \u00e9xitos del rock en espa\u00f1ol. Joaqu\u00edn Oliv\u00e1n puso voz a la mayor\u00eda de los temas, entre ellos \u2018Cu\u00e9ntame un cuento\u2019, de Celtas Cortos; \u2018Adi\u00f3s pap\u00e1\u2019, de Los Ronaldos; \u2018Salta\u2019, de Tequila; \u2018La Flaca\u2019, de Jarabe de Palo; y \u2018Cadillac solitario\u2019, de Loquillo y Los Trogloditas.<\/p>\n<p>El repertorio tambi\u00e9n reserv\u00f3 un espacio para la participaci\u00f3n y la complicidad con el p\u00fablico. En este sentido, Mario Lara, integrante de la propia banda y m\u00fasico de tromb\u00f3n, se anim\u00f3 a hacer de vocalista para interpretar \u2018Sufre, mam\u00f3n\u2019 y \u2018Voy a pas\u00e1rmelo bien\u2019, de Hombres G, una intervenci\u00f3n que recibi\u00f3 el entusiasmo y el apoyo del p\u00fablico asistente.<\/p>\n<p>Los repertorios de H\u00e9roes del Silencio y Extremoduro estuvieron representados mediante versiones exclusivamente instrumentales, para ir cerrando la velada con la \u2018Fiesta pagana\u2019 de M\u00e4go de Oz.<\/p>\n<p>Como bis, la SMVI volvi\u00f3 a interpretar \u2018Bienvenidos\u2019, culminando un espect\u00e1culo que convirti\u00f3 el Parque del Buen Suceso en un punto de encuentro entre la m\u00fasica sinf\u00f3nica, el rock y la memoria musical de varias generaciones. Con \u2018Gigantes\u2019, la Banda Sinf\u00f3nica de la Sociedad Musical Villa de Ingenio volvi\u00f3 a demostrar su talento y su versatilidad, acercando la m\u00fasica a p\u00fablicos diversos y ofreciendo una propuesta especialmente pensada para disfrutar y compartir canciones que forman parte del imaginario musical colectivo.<\/p>\n","protected":false},"excerpt":{"rendered":"<p>La entrada &#8216;Gigantes&#8217; se presenta con \u00e9xito en las fiestas de agosto de El Carrizal se public\u00f3 primero en Ayuntamiento de Ingenio.<\/p>\n","protected":false},"author":1,"featured_media":2906,"comment_status":"open","ping_status":"open","sticky":false,"template":"","format":"standard","meta":{"wpai_generated_summary":"","wpai_meta_description":"","footnotes":""},"categories":[130],"tags":[],"class_list":["post-2905","post","type-post","status-publish","format-standard","has-post-thumbnail","hentry","category-ayuntamiento-de-ingenio"],"_links":{"self":[{"href":"https:\/\/nublo.tv\/index.php\/wp-json\/wp\/v2\/posts\/2905","targetHints":{"allow":["GET"]}}],"collection":[{"href":"https:\/\/nublo.tv\/index.php\/wp-json\/wp\/v2\/posts"}],"about":[{"href":"https:\/\/nublo.tv\/index.php\/wp-json\/wp\/v2\/types\/post"}],"author":[{"embeddable":true,"href":"https:\/\/nublo.tv\/index.php\/wp-json\/wp\/v2\/users\/1"}],"replies":[{"embeddable":true,"href":"https:\/\/nublo.tv\/index.php\/wp-json\/wp\/v2\/comments?post=2905"}],"version-history":[{"count":1,"href":"https:\/\/nublo.tv\/index.php\/wp-json\/wp\/v2\/posts\/2905\/revisions"}],"predecessor-version":[{"id":2974,"href":"https:\/\/nublo.tv\/index.php\/wp-json\/wp\/v2\/posts\/2905\/revisions\/2974"}],"wp:featuredmedia":[{"embeddable":true,"href":"https:\/\/nublo.tv\/index.php\/wp-json\/wp\/v2\/media\/2906"}],"wp:attachment":[{"href":"https:\/\/nublo.tv\/index.php\/wp-json\/wp\/v2\/media?parent=2905"}],"wp:term":[{"taxonomy":"category","embeddable":true,"href":"https:\/\/nublo.tv\/index.php\/wp-json\/wp\/v2\/categories?post=2905"},{"taxonomy":"post_tag","embeddable":true,"href":"https:\/\/nublo.tv\/index.php\/wp-json\/wp\/v2\/tags?post=2905"}],"curies":[{"name":"wp","href":"https:\/\/api.w.org\/{rel}","templated":true}]}}