{"id":2909,"date":"2026-08-10T19:58:30","date_gmt":"2026-08-10T18:58:30","guid":{"rendered":"https:\/\/nublo.tv\/?p=2909"},"modified":"2026-08-10T19:58:30","modified_gmt":"2026-08-10T18:58:30","slug":"el-juvenil-b-buscara-revalidar-titulo-en-el-iii-torneo-unindo-caminos","status":"publish","type":"post","link":"https:\/\/nublo.tv\/index.php\/2026\/08\/10\/el-juvenil-b-buscara-revalidar-titulo-en-el-iii-torneo-unindo-caminos\/","title":{"rendered":"El Juvenil B buscar\u00e1 revalidar t\u00edtulo en el III Torneo Unindo Cami\u00f1os"},"content":{"rendered":"<p><img decoding=\"async\" style=\"width: 100%\" src=\"https:\/\/statics-maker.llt-services.com\/lpa\/images\/2023\/08\/31\/xlarge\/9281d885-ac31-4aa3-9097-f3c0745752b7.png\" \/><\/p>\r\n<div>\u00a0<\/div>\r\n\r\n\r\n<figure class=\"wp-block-image\"><img decoding=\"async\" src=\"https:\/\/statics-maker.llt-services.com\/lpa\/images\/2026\/08\/10\/xlarge-wp\/69ba82ca-c73c-47fb-9c64-2cd87247f12d-655.webp\" alt=\"\" \/><\/figure>\r\n\r\n\r\n\r\n<p class=\"wp-block-paragraph\"><strong>F\u00fatbol base<\/strong>10 ago 2026<\/p>\r\n\r\n\r\n\r\n<p class=\"wp-block-paragraph\">El Juvenil B buscar\u00e1 revalidar t\u00edtulo en el III Torneo Unindo Cami\u00f1os<\/p>\r\n\r\n\r\n\r\n<p class=\"wp-block-paragraph\">Nuestro segundo juvenil se desplazar\u00e1 a tierras gallegas los pr\u00f3ximos 15 y 16 de agosto para participar en el III Torneo Unindo Cami\u00f1os ante rivales de Divisi\u00f3n de Honor<\/p>\r\n\r\n\r\n\r\n<p class=\"wp-block-paragraph\"><a target=\"_blank\" rel=\"noreferrer noopener\" href=\"https:\/\/www.facebook.com\/sharer\/sharer.php?u=https:\/\/www.udlaspalmas.es\/noticias\/el-juvenil-b-buscara-revalidar-titulo-en-el-iii-torneo-unindo-caminos\"><\/a><a target=\"_blank\" rel=\"noreferrer noopener\" href=\"https:\/\/www.facebook.com\/sharer\/sharer.php?u=https:\/\/www.udlaspalmas.es\/noticias\/el-juvenil-b-buscara-revalidar-titulo-en-el-iii-torneo-unindo-caminos\"><\/a><a target=\"_blank\" rel=\"noreferrer noopener\" href=\"https:\/\/twitter.com\/share?url=https:\/\/www.udlaspalmas.es\/noticias\/el-juvenil-b-buscara-revalidar-titulo-en-el-iii-torneo-unindo-caminos\"><\/a><\/p>\r\n\r\n\r\n\r\n<p class=\"wp-block-paragraph\">El torneo se desarrollar\u00e1 en Estadio Santa Isabel, ubicado en Santiago de Compostela. Los de Ch\u00e9sari Sosa quieren que el escudo de la UD Las Palmas vuelva a brillar con nombre propio un a\u00f1o despu\u00e9s de que el Juvenil A levantara el t\u00edtulo. Para este a\u00f1o, los equipos participantes son:&nbsp;<\/p>\r\n\r\n\r\n\r\n<ul class=\"wp-block-list\">\r\n<li>RC Celta de Vigo<\/li>\r\n\r\n\r\n\r\n<li>RC Deportivo de La Coru\u00f1a<\/li>\r\n\r\n\r\n\r\n<li>Real Oviedo<\/li>\r\n\r\n\r\n\r\n<li>Pontevedra CF<\/li>\r\n\r\n\r\n\r\n<li>SD Compostela<\/li>\r\n\r\n\r\n\r\n<li>CD Lugo<\/li>\r\n\r\n\r\n\r\n<li>Monta\u00f1eros CF<\/li>\r\n\r\n\r\n\r\n<li>ED Val Mi\u00f1or<\/li>\r\n\r\n\r\n\r\n<li>Victoria CF<\/li>\r\n\r\n\r\n\r\n<li>Ural CF<\/li>\r\n\r\n\r\n\r\n<li>EF Denis Su\u00e1rez<\/li>\r\n<\/ul>\r\n\r\n\r\n\r\n<p class=\"wp-block-paragraph\">El equipo viajar\u00e1 el viernes para comenzar los partidos el s\u00e1bado a primera hora; quedando encuadrado de la siguiente manera (todo en hora de Canariar)):<\/p>\r\n\r\n\r\n\r\n<ul class=\"wp-block-list\">\r\n<li>SD Compostela (08:00)<\/li>\r\n\r\n\r\n\r\n<li>Monta\u00f1eros CF (09:30)<\/li>\r\n\r\n\r\n\r\n<li>EF Denis Su\u00e1rez (11:00)<\/li>\r\n\r\n\r\n\r\n<li>Ural CF (12:00)<\/li>\r\n\r\n\r\n\r\n<li>RC Deportivo de La Coru\u00f1a (13:00)\u00a0<\/li>\r\n<\/ul>\r\n\r\n\r\n\r\n<p class=\"wp-block-paragraph\">El domingo ser\u00e1n los \u00faltimos partidos del torneo que ser\u00e1n las dos semifinales y la gran final a partir de las 16:00 (hc)<\/p>\r\n","protected":false},"excerpt":{"rendered":"<p>Nuestro segundo juvenil se desplazar\u00e1 a tierras gallegas los pr\u00f3ximos 15 y 16 de agosto para participar en el III Torneo Unindo Cami\u00f1os ante rivales de Divisi\u00f3n de Honor<\/p>\n","protected":false},"author":1,"featured_media":2910,"comment_status":"open","ping_status":"open","sticky":false,"template":"","format":"standard","meta":{"wpai_generated_summary":"","wpai_meta_description":"","footnotes":""},"categories":[122],"tags":[],"class_list":["post-2909","post","type-post","status-publish","format-standard","has-post-thumbnail","hentry","category-deportes"],"_links":{"self":[{"href":"https:\/\/nublo.tv\/index.php\/wp-json\/wp\/v2\/posts\/2909","targetHints":{"allow":["GET"]}}],"collection":[{"href":"https:\/\/nublo.tv\/index.php\/wp-json\/wp\/v2\/posts"}],"about":[{"href":"https:\/\/nublo.tv\/index.php\/wp-json\/wp\/v2\/types\/post"}],"author":[{"embeddable":true,"href":"https:\/\/nublo.tv\/index.php\/wp-json\/wp\/v2\/users\/1"}],"replies":[{"embeddable":true,"href":"https:\/\/nublo.tv\/index.php\/wp-json\/wp\/v2\/comments?post=2909"}],"version-history":[{"count":2,"href":"https:\/\/nublo.tv\/index.php\/wp-json\/wp\/v2\/posts\/2909\/revisions"}],"predecessor-version":[{"id":3032,"href":"https:\/\/nublo.tv\/index.php\/wp-json\/wp\/v2\/posts\/2909\/revisions\/3032"}],"wp:featuredmedia":[{"embeddable":true,"href":"https:\/\/nublo.tv\/index.php\/wp-json\/wp\/v2\/media\/2910"}],"wp:attachment":[{"href":"https:\/\/nublo.tv\/index.php\/wp-json\/wp\/v2\/media?parent=2909"}],"wp:term":[{"taxonomy":"category","embeddable":true,"href":"https:\/\/nublo.tv\/index.php\/wp-json\/wp\/v2\/categories?post=2909"},{"taxonomy":"post_tag","embeddable":true,"href":"https:\/\/nublo.tv\/index.php\/wp-json\/wp\/v2\/tags?post=2909"}],"curies":[{"name":"wp","href":"https:\/\/api.w.org\/{rel}","templated":true}]}}