{"id":2911,"date":"2026-08-10T19:58:34","date_gmt":"2026-08-10T18:58:34","guid":{"rendered":"https:\/\/nublo.tv\/?p=2911"},"modified":"2026-08-10T19:58:34","modified_gmt":"2026-08-10T18:58:34","slug":"el-juvenil-a-volvera-a-participar-en-el-torneo-internacional-villa-de-adeje","status":"publish","type":"post","link":"https:\/\/nublo.tv\/index.php\/2026\/08\/10\/el-juvenil-a-volvera-a-participar-en-el-torneo-internacional-villa-de-adeje\/","title":{"rendered":"El Juvenil A volver\u00e1 a participar en el Torneo Internacional Villa de Adeje"},"content":{"rendered":"<p><img decoding=\"async\" style=\"width: 100%\" src=\"https:\/\/statics-maker.llt-services.com\/lpa\/images\/2023\/08\/31\/xlarge\/9281d885-ac31-4aa3-9097-f3c0745752b7.png\" \/><\/p>\r\n<div>\u00a0<\/div>\r\n\r\n\r\n<figure class=\"wp-block-image\"><img decoding=\"async\" src=\"https:\/\/statics-maker.llt-services.com\/lpa\/images\/2026\/08\/10\/xlarge-wp\/f03a5651-7cee-4c51-9bac-bc33c2fa0ecb-113.webp\" alt=\"\" \/><\/figure>\r\n\r\n\r\n\r\n<p class=\"wp-block-paragraph\"><strong>F\u00fatbol base<\/strong>10 ago 2026<\/p>\r\n\r\n\r\n\r\n<p class=\"wp-block-paragraph\">El Juvenil A volver\u00e1 a participar en el Torneo Internacional Villa de Adeje<\/p>\r\n\r\n\r\n\r\n<p class=\"wp-block-paragraph\">El primer juvenil de la UD Las Palmas estar\u00e1, un a\u00f1o m\u00e1s, en uno de los hist\u00f3ricos torneos veraniegos de su categor\u00eda los pr\u00f3ximos 15 y 16 de agosto<\/p>\r\n\r\n\r\n\r\n<p class=\"wp-block-paragraph\"><a target=\"_blank\" rel=\"noreferrer noopener\" href=\"https:\/\/www.facebook.com\/sharer\/sharer.php?u=https:\/\/www.udlaspalmas.es\/noticias\/el-juvenil-a-volvera-a-participar-en-el-torneo-internacional-villa-de-adeje\"><\/a><a target=\"_blank\" rel=\"noreferrer noopener\" href=\"https:\/\/www.facebook.com\/sharer\/sharer.php?u=https:\/\/www.udlaspalmas.es\/noticias\/el-juvenil-a-volvera-a-participar-en-el-torneo-internacional-villa-de-adeje\"><\/a><a target=\"_blank\" rel=\"noreferrer noopener\" href=\"https:\/\/twitter.com\/share?url=https:\/\/www.udlaspalmas.es\/noticias\/el-juvenil-a-volvera-a-participar-en-el-torneo-internacional-villa-de-adeje\"><\/a><\/p>\r\n\r\n\r\n\r\n<p class=\"wp-block-paragraph\">El escudo de la UD Las Palmas volver\u00e1 a estar presente un verano m\u00e1s en el sur de la isla de Tenerife. El XXII Torneo Internacional Villa de Adeje contar\u00e1 con la presencia del Juvenil A amarillo, siendo el equipo que m\u00e1s veces ha levantado el antorchado con un total de nueve ediciones, seguido por el Real Madrid CF con ocho.&nbsp;<\/p>\r\n\r\n\r\n\r\n<p class=\"wp-block-paragraph\">En esta edici\u00f3n, se buscar\u00e1 volver a alzarse con el t\u00edtulo ante el Sporting Clube de Braga,&nbsp;Real Racing Club de Santander,&nbsp;C\u00e1diz CF,&nbsp;CD Tenerife y la&nbsp;Selecci\u00f3n de Tenerife en el Estadio de Adeje.<\/p>\r\n\r\n\r\n\r\n<p class=\"wp-block-paragraph\">Nuestro equipo ha quedado encuadrado con la Selecci\u00f3n de Tenerife y el Real Racing Club de Santander, con los que jugar\u00e1 el s\u00e1bado a las 18:00 y 19:00 respectivamente buscando un hueco en la final del domingo.<\/p>\r\n\r\n\r\n\r\n<p class=\"wp-block-paragraph\"><\/p>\r\n","protected":false},"excerpt":{"rendered":"<p>El primer juvenil de la UD Las Palmas estar\u00e1, un a\u00f1o m\u00e1s, en uno de los hist\u00f3ricos torneos veraniegos de su categor\u00eda los pr\u00f3ximos 15 y 16 de agosto<\/p>\n","protected":false},"author":1,"featured_media":2912,"comment_status":"open","ping_status":"open","sticky":false,"template":"","format":"standard","meta":{"wpai_generated_summary":"","wpai_meta_description":"","footnotes":""},"categories":[122],"tags":[],"class_list":["post-2911","post","type-post","status-publish","format-standard","has-post-thumbnail","hentry","category-deportes"],"_links":{"self":[{"href":"https:\/\/nublo.tv\/index.php\/wp-json\/wp\/v2\/posts\/2911","targetHints":{"allow":["GET"]}}],"collection":[{"href":"https:\/\/nublo.tv\/index.php\/wp-json\/wp\/v2\/posts"}],"about":[{"href":"https:\/\/nublo.tv\/index.php\/wp-json\/wp\/v2\/types\/post"}],"author":[{"embeddable":true,"href":"https:\/\/nublo.tv\/index.php\/wp-json\/wp\/v2\/users\/1"}],"replies":[{"embeddable":true,"href":"https:\/\/nublo.tv\/index.php\/wp-json\/wp\/v2\/comments?post=2911"}],"version-history":[{"count":2,"href":"https:\/\/nublo.tv\/index.php\/wp-json\/wp\/v2\/posts\/2911\/revisions"}],"predecessor-version":[{"id":3033,"href":"https:\/\/nublo.tv\/index.php\/wp-json\/wp\/v2\/posts\/2911\/revisions\/3033"}],"wp:featuredmedia":[{"embeddable":true,"href":"https:\/\/nublo.tv\/index.php\/wp-json\/wp\/v2\/media\/2912"}],"wp:attachment":[{"href":"https:\/\/nublo.tv\/index.php\/wp-json\/wp\/v2\/media?parent=2911"}],"wp:term":[{"taxonomy":"category","embeddable":true,"href":"https:\/\/nublo.tv\/index.php\/wp-json\/wp\/v2\/categories?post=2911"},{"taxonomy":"post_tag","embeddable":true,"href":"https:\/\/nublo.tv\/index.php\/wp-json\/wp\/v2\/tags?post=2911"}],"curies":[{"name":"wp","href":"https:\/\/api.w.org\/{rel}","templated":true}]}}