{"id":2915,"date":"2026-08-10T19:17:05","date_gmt":"2026-08-10T18:17:05","guid":{"rendered":"https:\/\/nublo.tv\/?p=2915"},"modified":"2026-08-27T12:35:27","modified_gmt":"2026-08-27T11:35:27","slug":"40-jovenes-de-toda-canarias-debaten-en-guia-sobre-los-retos-y-oportunidades-del-turismo-en-canarias","status":"publish","type":"post","link":"https:\/\/nublo.tv\/index.php\/2026\/08\/10\/40-jovenes-de-toda-canarias-debaten-en-guia-sobre-los-retos-y-oportunidades-del-turismo-en-canarias\/","title":{"rendered":"40 j\u00f3venes de toda Canarias debaten en Gu\u00eda sobre los retos y oportunidades del turismo en Canarias"},"content":{"rendered":"<p>\u25cf <strong>El alcalde, Alfredo Gon\u00e7alves Ferreira, anim\u00f3 a todos a organizarse y formar parte de asociaciones y colectivos para mejorar Canarias<\/strong><\/p>\n<p>El municipio de Gu\u00eda ha sido anfitri\u00f3n desde el pasado 4 de agosto de los 40 j\u00f3venes de toda Canarias participantes en el proyecto RESORT, una iniciativa que refleja los retos y oportunidades del turismo en Canarias desde la perspectiva de los estudiantes organizado por UDECA (Uni\u00f3n de Estudiantes de Canarias). El alcalde, Alfredo Gon\u00e7alves Ferreira, ha mantenido hoy un encuentro con ellos para conocer de primera mano los objetivos de esta iniciativa y las propuestas y reflexiones finales que han salido de este encuentro.<\/p>\n<p>El regidor guiense felicit\u00f3 a todos por formar parte de un proyecto que trata sobre un asunto tan importante y decisivo para la sociedad canaria, anim\u00e1ndoles a continuar trabajando desde los distintos colectivos y asociaciones existentes o que se puedan crear \u00abpara mejorar nuestra tierra, sin importar ideolog\u00edas, demostrando la fuerza y el alcance que pueden tener sus reivindicaciones si est\u00e1n bien organizados y con una direcci\u00f3n clara\u00bb, se\u00f1al\u00f3, subrayando \u00abel extraordinario poder de los j\u00f3venes para mejorar la sociedad cuando se implican en cualquier asunto, por complicado que sea\u00bb, al tiempo que les pidi\u00f3 que \u00abno sean pasivos, contin\u00faen siempre con esta ilusi\u00f3n y este empuje porque Canarias necesita de gente como ustedes\u00bb.<\/p>\n<p>En la misma l\u00ednea se pronunci\u00f3 el presidente de UDECA, Ixemad R\u00edos, se\u00f1alando que a trav\u00e9s de proyectos e iniciativas como esta se trabaja para que los j\u00f3venes \u00abtomen conciencia real de que ellos son el futuro pero tambi\u00e9n el presente de Canarias y su implicaci\u00f3n es esencial como mecanismo de cambio del actual sistema de turismo en el archipi\u00e9lago\u00bb.<\/p>\n<p>En el transcurso de este encuentro, tomaron tambi\u00e9n la palabra los j\u00f3venes Borja Su\u00e1rez, de Tenerife, y Valentina Brito, de La Palma, para compartir su visi\u00f3n de las consecuencias del turismo masificado que sufren sus islas. Para Borja Su\u00e1rez \u00absomos nosotros los que tenemos que trabajar y luchar por cambiar el actual sistema y defender lo nuestro porque si no nos quedaremos sin futuro\u00bb. Igualmente cr\u00edtica se mostr\u00f3 la joven procedente de La Palma quien lament\u00f3 que tras el volc\u00e1n, las administraciones han priorizado la restauraci\u00f3n de infraestructuras tur\u00edsticas a aquellas destinadas para personas que lo perdieron todo hace ya cinco a\u00f1os.<\/p>\n","protected":false},"excerpt":{"rendered":"<p>\u25cf El alcalde, Alfredo Gon\u00e7alves Ferreira, anim\u00f3 a todos a organizarse y formar parte de asociaciones y colectivos para mejorar Canarias El municipio de Gu\u00eda ha sido anfitri\u00f3n desde el&hellip;<\/p>\n","protected":false},"author":1,"featured_media":2916,"comment_status":"open","ping_status":"open","sticky":false,"template":"","format":"standard","meta":{"wpai_generated_summary":"","wpai_meta_description":"","footnotes":""},"categories":[138],"tags":[],"class_list":["post-2915","post","type-post","status-publish","format-standard","has-post-thumbnail","hentry","category-ayuntamiento-de-santa-maria-de-guia"],"_links":{"self":[{"href":"https:\/\/nublo.tv\/index.php\/wp-json\/wp\/v2\/posts\/2915","targetHints":{"allow":["GET"]}}],"collection":[{"href":"https:\/\/nublo.tv\/index.php\/wp-json\/wp\/v2\/posts"}],"about":[{"href":"https:\/\/nublo.tv\/index.php\/wp-json\/wp\/v2\/types\/post"}],"author":[{"embeddable":true,"href":"https:\/\/nublo.tv\/index.php\/wp-json\/wp\/v2\/users\/1"}],"replies":[{"embeddable":true,"href":"https:\/\/nublo.tv\/index.php\/wp-json\/wp\/v2\/comments?post=2915"}],"version-history":[{"count":1,"href":"https:\/\/nublo.tv\/index.php\/wp-json\/wp\/v2\/posts\/2915\/revisions"}],"predecessor-version":[{"id":2985,"href":"https:\/\/nublo.tv\/index.php\/wp-json\/wp\/v2\/posts\/2915\/revisions\/2985"}],"wp:featuredmedia":[{"embeddable":true,"href":"https:\/\/nublo.tv\/index.php\/wp-json\/wp\/v2\/media\/2916"}],"wp:attachment":[{"href":"https:\/\/nublo.tv\/index.php\/wp-json\/wp\/v2\/media?parent=2915"}],"wp:term":[{"taxonomy":"category","embeddable":true,"href":"https:\/\/nublo.tv\/index.php\/wp-json\/wp\/v2\/categories?post=2915"},{"taxonomy":"post_tag","embeddable":true,"href":"https:\/\/nublo.tv\/index.php\/wp-json\/wp\/v2\/tags?post=2915"}],"curies":[{"name":"wp","href":"https:\/\/api.w.org\/{rel}","templated":true}]}}