{"id":2919,"date":"2026-08-10T19:16:45","date_gmt":"2026-08-10T18:16:45","guid":{"rendered":"https:\/\/nublo.tv\/?p=2919"},"modified":"2026-08-27T12:35:27","modified_gmt":"2026-08-27T11:35:27","slug":"el-ayuntamiento-finaliza-la-situacion-de-alerta-por-riesgo-de-incendios-forestales-y-mantiene-la-prealerta","status":"publish","type":"post","link":"https:\/\/nublo.tv\/index.php\/2026\/08\/10\/el-ayuntamiento-finaliza-la-situacion-de-alerta-por-riesgo-de-incendios-forestales-y-mantiene-la-prealerta\/","title":{"rendered":"El Ayuntamiento finaliza la situaci\u00f3n de alerta por riesgo de incendios forestales y mantiene la prealerta"},"content":{"rendered":"<p>La medida tiene efectos desde las 08:00 horas de este lunes, tras la finalizaci\u00f3n del episodio de calor<br \/>\nLas Palmas de Gran Canaria, 10 de agosto de 2026.- El Ayuntamiento de Las Palmas de Gran Canaria, a trav\u00e9s del Servicio de Seguridad y Emergencias de la Concejal\u00eda de Seguridad, Convivencia y Cultura, ha finalizado este lunes, desde las 08:00 horas, la situaci\u00f3n de alerta del Plan de Emergencias Municipal de Las Palmas de Gran Canaria (PEMULPA) por riesgo de incendios forestales, de acuerdo con la declaraci\u00f3n emitida por la Unidad T\u00e9cnica de Seguridad y Emergencias.<br \/>\nLa decisi\u00f3n responde a la finalizaci\u00f3n del episodio de calor que motiv\u00f3 la activaci\u00f3n de la situaci\u00f3n de alerta. No obstante, se mantiene vigente la situaci\u00f3n de prealerta por riesgo de incendio forestal, declarada el pasado 1 de junio conforme a lo establecido en el Plan Especial de Protecci\u00f3n Civil y Atenci\u00f3n de Emergencias por Incendios Forestales de la Comunidad Aut\u00f3noma de Canarias (INFOCA).<br \/>\nEl Ayuntamiento mantiene, por tanto, la vigilancia y el seguimiento de la situaci\u00f3n, as\u00ed como la coordinaci\u00f3n de los servicios de emergencia municipales en el marco del PEMULPA, atendiendo a la evoluci\u00f3n de las condiciones meteorol\u00f3gicas y al riesgo de incendios forestales.<br \/>\nEl Consistorio recuerda a la ciudadan\u00eda la importancia de mantener las medidas de prevenci\u00f3n frente al riesgo de incendios, especialmente en las zonas pr\u00f3ximas a \u00e1reas forestales, y de evitar cualquier conducta que pueda favorecer el inicio o la propagaci\u00f3n del fuego.<br \/>\nAsimismo, recuerda que, ante cualquier conato o incendio, se debe avisar inmediatamente al 1-1-2, facilitar la ubicaci\u00f3n y seguir las indicaciones de los servicios de emergencia.<\/p>\n","protected":false},"excerpt":{"rendered":"<p>El Ayuntamiento de Las Palmas de Gran Canaria, a trav\u00e9s del Servicio de Seguridad y Emergencias de la Concejal\u00eda de Seguridad, Convivencia y Cultura, ha finalizado este lunes, desde las&hellip;<\/p>\n","protected":false},"author":1,"featured_media":2920,"comment_status":"open","ping_status":"open","sticky":false,"template":"","format":"standard","meta":{"wpai_generated_summary":"","wpai_meta_description":"","footnotes":""},"categories":[132],"tags":[],"class_list":["post-2919","post","type-post","status-publish","format-standard","has-post-thumbnail","hentry","category-ayuntamiento-de-las-palmas-de-gran-canaria"],"_links":{"self":[{"href":"https:\/\/nublo.tv\/index.php\/wp-json\/wp\/v2\/posts\/2919","targetHints":{"allow":["GET"]}}],"collection":[{"href":"https:\/\/nublo.tv\/index.php\/wp-json\/wp\/v2\/posts"}],"about":[{"href":"https:\/\/nublo.tv\/index.php\/wp-json\/wp\/v2\/types\/post"}],"author":[{"embeddable":true,"href":"https:\/\/nublo.tv\/index.php\/wp-json\/wp\/v2\/users\/1"}],"replies":[{"embeddable":true,"href":"https:\/\/nublo.tv\/index.php\/wp-json\/wp\/v2\/comments?post=2919"}],"version-history":[{"count":1,"href":"https:\/\/nublo.tv\/index.php\/wp-json\/wp\/v2\/posts\/2919\/revisions"}],"predecessor-version":[{"id":2979,"href":"https:\/\/nublo.tv\/index.php\/wp-json\/wp\/v2\/posts\/2919\/revisions\/2979"}],"wp:featuredmedia":[{"embeddable":true,"href":"https:\/\/nublo.tv\/index.php\/wp-json\/wp\/v2\/media\/2920"}],"wp:attachment":[{"href":"https:\/\/nublo.tv\/index.php\/wp-json\/wp\/v2\/media?parent=2919"}],"wp:term":[{"taxonomy":"category","embeddable":true,"href":"https:\/\/nublo.tv\/index.php\/wp-json\/wp\/v2\/categories?post=2919"},{"taxonomy":"post_tag","embeddable":true,"href":"https:\/\/nublo.tv\/index.php\/wp-json\/wp\/v2\/tags?post=2919"}],"curies":[{"name":"wp","href":"https:\/\/api.w.org\/{rel}","templated":true}]}}