{"id":292,"date":"2026-08-04T17:19:27","date_gmt":"2026-08-04T16:19:27","guid":{"rendered":"https:\/\/nublo.tv\/?p=292"},"modified":"2026-08-04T17:19:27","modified_gmt":"2026-08-04T16:19:27","slug":"el-iii-torneo-de-futbol-sala-terocopa-2026-se-celebro-con-gran-exito-de-participacion-y-publico","status":"publish","type":"post","link":"https:\/\/nublo.tv\/index.php\/2026\/08\/04\/el-iii-torneo-de-futbol-sala-terocopa-2026-se-celebro-con-gran-exito-de-participacion-y-publico\/","title":{"rendered":"El III Torneo de F\u00fatbol Sala \u2018Terocopa 2026\u2019 se celebr\u00f3 con gran \u00e9xito de participaci\u00f3n y p\u00fablico"},"content":{"rendered":"<p><strong>El equipo \u2018Desparpajo FC\u2019 se proclam\u00f3 campe\u00f3n, seguido del subcampe\u00f3n \u2018Morecambe\u2019, y el tercer puesto fue para el equipo \u2018Afurgad\u2019. El premio al mejor portero fue para Severino; y el premio M\u00e1ximo Goleador para Kilian.<\/strong><\/p>\n<p>La 3\u00aa edici\u00f3n del Torneo\u00a0 de f\u00fatbol sala\u00a0 \u2018Terocopa 2026\u2019, celebrado del 29 de julio al 1 de agosto en Polideportivo municipal de Teror, se desarroll\u00f3 de manera excelente y con una gran afluencia de p\u00fablico y equipos participantes, superando los m\u00e1s de 130 jugadores. El equipo \u2018Desparpajo FC\u2019 se proclam\u00f3 campe\u00f3n, seguido del subcampe\u00f3n \u2018Morecambe\u2019, y el tercer puesto fue para el equipo \u2018Afurgad\u2019 . El premio al mejor portero fue para Severino; y el premio M\u00e1ximo Goleador para Kilian.<\/p>\n<p><a href=\"https:\/\/teror.es\/wp-content\/uploads\/2026\/08\/04_Terorcopa2026_01.jpeg\"><img loading=\"lazy\" decoding=\"async\" class=\"alignright size-vp_sm wp-image-98738\" src=\"https:\/\/teror.es\/wp-content\/uploads\/2026\/08\/04_Terorcopa2026_01-500x379.jpeg\" alt=\"\" width=\"500\" height=\"379\"><\/a> <a href=\"https:\/\/teror.es\/wp-content\/uploads\/2026\/08\/04_Terorcopa2026_02.jpeg\"><img loading=\"lazy\" decoding=\"async\" class=\"alignright size-vp_sm wp-image-98739\" src=\"https:\/\/teror.es\/wp-content\/uploads\/2026\/08\/04_Terorcopa2026_02-500x344.jpeg\" alt=\"\" width=\"500\" height=\"344\"><\/a> <a href=\"https:\/\/teror.es\/wp-content\/uploads\/2026\/08\/04_Terorcopa2026_03.jpeg\"><img decoding=\"async\" loading=\"lazy\" class=\"alignright size-vp_sm wp-image-98740\" src=\"https:\/\/teror.es\/wp-content\/uploads\/2026\/08\/04_Terorcopa2026_03-500x398.jpeg\" alt=\"\" width=\"500\" height=\"398\"><\/a> <a href=\"https:\/\/teror.es\/wp-content\/uploads\/2026\/08\/04_Terorcopa2026_04.jpeg\"><img decoding=\"async\" loading=\"lazy\" class=\"alignright size-vp_sm wp-image-98741\" src=\"https:\/\/teror.es\/wp-content\/uploads\/2026\/08\/04_Terorcopa2026_04-500x336.jpeg\" alt=\"\" width=\"500\" height=\"336\"><\/a>El evento deportivo organizado por la Concejal\u00eda de Deportes del Ayuntamiento de Teror, que dirige el edil Mois\u00e9s Rodr\u00edguez,\u00a0 trata de unir a la vecindad en torno a un deporte con arraigo en Teror, y pasar un fin de semana de verano deportivo entre amigos\/as.<\/p>\n<p>Los equipos clasificados en la final del Torneo recibieron tres trofeos y premios adem\u00e1s de premios-vales por parte de las entidades colaboradoras. El primer clasificado se llev\u00f3 un trofeo y un premio de 450 \u20ac . El segundo clasificado alcanz\u00f3 un trofeo y un premio de 250 \u20ac . Y el tercer clasificado recibi\u00f3 un trofeo y un premio de 100 \u20ac. Adem\u00e1s se entregaron otros dos premios al jugador m\u00e1ximo goleador y la portero menos goleado.<\/p>\n<p>El Torneo de F\u00fatbol Sala \u2018Terocopa 2026\u2019 cont\u00f3 con la colaboraci\u00f3n de Agua de Teror, Club El Pino Los \u00c1lamos, Restaurante El Secuestro, Restaurante Ca\u2019Chano, Restaurante El P\u00f3rtico, Barbershop \u00a0Shavers Soul, Dulcer\u00eda Ben\u00edtez, Caresport, Focacceria Molto Jilorio, L\u2019arret, Churrer\u00eda La Aventura y Caminito de Teror.<\/p>\n<p class=\"placeholder\">\n                                [ Placeholder content for popup link ]<br \/>\n                                <a href=\"https:\/\/www.wpdownloadmanager.com\/\">WordPress Download Manager &#8211; Best Download Management Plugin<\/a>\n                            <\/p>\n","protected":false},"excerpt":{"rendered":"<p>El equipo \u2018Desparpajo FC\u2019 se proclam\u00f3 campe\u00f3n, seguido del subcampe\u00f3n \u2018Morecambe\u2019, y el tercer puesto fue para el equipo \u2018Afurgad\u2019. El premio al mejor portero fue para Severino; y el&hellip;<\/p>\n","protected":false},"author":21,"featured_media":294,"comment_status":"open","ping_status":"open","sticky":false,"template":"","format":"standard","meta":{"wpai_generated_summary":"","wpai_meta_description":"","footnotes":""},"categories":[141],"tags":[],"class_list":["post-292","post","type-post","status-publish","format-standard","has-post-thumbnail","hentry","category-ayuntamiento-de-teror"],"_links":{"self":[{"href":"https:\/\/nublo.tv\/index.php\/wp-json\/wp\/v2\/posts\/292","targetHints":{"allow":["GET"]}}],"collection":[{"href":"https:\/\/nublo.tv\/index.php\/wp-json\/wp\/v2\/posts"}],"about":[{"href":"https:\/\/nublo.tv\/index.php\/wp-json\/wp\/v2\/types\/post"}],"author":[{"embeddable":true,"href":"https:\/\/nublo.tv\/index.php\/wp-json\/wp\/v2\/users\/21"}],"replies":[{"embeddable":true,"href":"https:\/\/nublo.tv\/index.php\/wp-json\/wp\/v2\/comments?post=292"}],"version-history":[{"count":1,"href":"https:\/\/nublo.tv\/index.php\/wp-json\/wp\/v2\/posts\/292\/revisions"}],"predecessor-version":[{"id":404,"href":"https:\/\/nublo.tv\/index.php\/wp-json\/wp\/v2\/posts\/292\/revisions\/404"}],"wp:featuredmedia":[{"embeddable":true,"href":"https:\/\/nublo.tv\/index.php\/wp-json\/wp\/v2\/media\/294"}],"wp:attachment":[{"href":"https:\/\/nublo.tv\/index.php\/wp-json\/wp\/v2\/media?parent=292"}],"wp:term":[{"taxonomy":"category","embeddable":true,"href":"https:\/\/nublo.tv\/index.php\/wp-json\/wp\/v2\/categories?post=292"},{"taxonomy":"post_tag","embeddable":true,"href":"https:\/\/nublo.tv\/index.php\/wp-json\/wp\/v2\/tags?post=292"}],"curies":[{"name":"wp","href":"https:\/\/api.w.org\/{rel}","templated":true}]}}